{"id":35789,"date":"2020-09-03T14:38:08","date_gmt":"2020-09-03T18:38:08","guid":{"rendered":"http:\/\/www.jdx.info\/lutte\/?p=35789"},"modified":"2020-09-03T14:38:12","modified_gmt":"2020-09-03T18:38:12","slug":"la-all-elite-wrestling-remet-a-plus-tard-son-show-tele","status":"publish","type":"post","link":"https:\/\/www.jdx.info\/lutte\/2020\/09\/03\/la-all-elite-wrestling-remet-a-plus-tard-son-show-tele\/","title":{"rendered":"La All Elite Wrestling Remet \u00e0 Plus Tard Son Show T\u00e9l\u00e9!"},"content":{"rendered":"\n<p>En janvier 2020, on apprenait que le pr\u00e9sident de la cha\u00eene de t\u00e9l\u00e9vision TNT avait pour intention de lancer\u00a0un second show de la AEW sur sa programmation. Un show d&rsquo;une heure en plus du AEW Dark d\u00e9j\u00e0 pr\u00e9sent sur YouTube.<\/p>\n\n\n\n<p>Nous sommes en septembre et ce second show n&rsquo;a toujours pas vu le jour. Aujourd&rsquo;hui, le pr\u00e9sident de la AEW, Tony Khan &#8211; \u00e9tait en conf\u00e9rence t\u00e9l\u00e9phonique avec les m\u00e9dias pour discuter de All Out et ce sujet du second show a \u00e9t\u00e9 abord\u00e9. Khan a expliqu\u00e9 que ce second show a du retard avec la pand\u00e9mie et sera lanc\u00e9 quelque part en 2021, il est impossible de savoir le moment pr\u00e9cis avec la pand\u00e9mie, la pr\u00e9paration marketing et les tests.<\/p>\n\n\n\n<p>Il a aussi clarifi\u00e9 que ce second show sur TNT n&rsquo;a jamais \u00e9t\u00e9 AEW Dark, il semble donc que le pr\u00e9sident de TNT s&rsquo;\u00e9tait mal exprim\u00e9 en janvier dernier. Khan explique que AEW Dark va rester sur YouTube et ce ne sera pas ce show sur TNT.<br><\/p>\n<p><\/p>","protected":false},"excerpt":{"rendered":"<p>En janvier 2020, on apprenait que le pr\u00e9sident de la cha\u00eene de t\u00e9l\u00e9vision TNT avait pour intention de lancer\u00a0un second show de la AEW sur sa programmation. Un show d&rsquo;une heure en plus du AEW Dark d\u00e9j\u00e0 pr\u00e9sent sur YouTube. Nous sommes en septembre et ce second show n&rsquo;a toujours pas vu le jour. Aujourd&rsquo;hui,&#8230;<\/p>\n","protected":false},"author":4,"featured_media":35790,"comment_status":"open","ping_status":"closed","sticky":false,"template":"","format":"standard","meta":{"footnotes":""},"categories":[38,4],"tags":[],"ppma_author":[292],"class_list":["post-35789","post","type-post","status-publish","format-standard","has-post-thumbnail","hentry","category-aew","category-news"],"authors":[{"term_id":292,"user_id":4,"is_guest":0,"slug":"jean","display_name":"Jean Vinnier","avatar_url":"https:\/\/secure.gravatar.com\/avatar\/33aba0263fd870a0b487e0e079ff407e10e3997c9d2987cbcc0db0db2c5c75a9?s=96&d=mm&r=g","0":null,"1":"","2":"","3":"","4":"","5":"","6":"","7":"","8":""}],"_links":{"self":[{"href":"https:\/\/www.jdx.info\/lutte\/wp-json\/wp\/v2\/posts\/35789","targetHints":{"allow":["GET"]}}],"collection":[{"href":"https:\/\/www.jdx.info\/lutte\/wp-json\/wp\/v2\/posts"}],"about":[{"href":"https:\/\/www.jdx.info\/lutte\/wp-json\/wp\/v2\/types\/post"}],"author":[{"embeddable":true,"href":"https:\/\/www.jdx.info\/lutte\/wp-json\/wp\/v2\/users\/4"}],"replies":[{"embeddable":true,"href":"https:\/\/www.jdx.info\/lutte\/wp-json\/wp\/v2\/comments?post=35789"}],"version-history":[{"count":1,"href":"https:\/\/www.jdx.info\/lutte\/wp-json\/wp\/v2\/posts\/35789\/revisions"}],"predecessor-version":[{"id":35791,"href":"https:\/\/www.jdx.info\/lutte\/wp-json\/wp\/v2\/posts\/35789\/revisions\/35791"}],"wp:featuredmedia":[{"embeddable":true,"href":"https:\/\/www.jdx.info\/lutte\/wp-json\/wp\/v2\/media\/35790"}],"wp:attachment":[{"href":"https:\/\/www.jdx.info\/lutte\/wp-json\/wp\/v2\/media?parent=35789"}],"wp:term":[{"taxonomy":"category","embeddable":true,"href":"https:\/\/www.jdx.info\/lutte\/wp-json\/wp\/v2\/categories?post=35789"},{"taxonomy":"post_tag","embeddable":true,"href":"https:\/\/www.jdx.info\/lutte\/wp-json\/wp\/v2\/tags?post=35789"},{"taxonomy":"author","embeddable":true,"href":"https:\/\/www.jdx.info\/lutte\/wp-json\/wp\/v2\/ppma_author?post=35789"}],"curies":[{"name":"wp","href":"https:\/\/api.w.org\/{rel}","templated":true}]}}