{"id":34827,"date":"2020-08-24T10:22:08","date_gmt":"2020-08-24T14:22:08","guid":{"rendered":"http:\/\/www.jdx.info\/lutte\/?p=34827"},"modified":"2020-08-24T10:22:13","modified_gmt":"2020-08-24T14:22:13","slug":"vince-mcmahon-a-annule-la-revanche-entre-hogan-et-shawn-michaels","status":"publish","type":"post","link":"https:\/\/www.jdx.info\/lutte\/2020\/08\/24\/vince-mcmahon-a-annule-la-revanche-entre-hogan-et-shawn-michaels\/","title":{"rendered":"Vince McMahon a annul\u00e9 la revanche entre Hogan et Shawn Michaels!"},"content":{"rendered":"\n<p>Lors d&rsquo;un \u00e9pisode r\u00e9cent de Something To Wrestle With, Bruce Prichard a r\u00e9v\u00e9l\u00e9 que contrairement \u00e0 la croyance populaire, c&rsquo;est Vince McMahon qui a d\u00e9cid\u00e9 de ne pas poursuivre une revanche entre Hulk Hogan et Shawn Michaels apr\u00e8s leur rencontre \u00e0 Summerslam 2005. Voici ce qu\u2019il avait \u00e0 dire :<\/p>\n\n\n\n<blockquote class=\"wp-block-quote is-layout-flow wp-block-quote-is-layout-flow\"><p>Vince a retir\u00e9 l&rsquo;affiche. Vince n&rsquo;\u00e9tait pas s\u00fbr m\u00eame avant le match s&rsquo;il voulait plus de matchs. C&rsquo;\u00e9tait l&rsquo;appel de Vince. Shawn a tout g\u00e9r\u00e9 pour Hulk. Shawn \u00e9tait tr\u00e8s pr\u00e9occup\u00e9 par le tournage avec Hulk et a demand\u00e9 \u00e0 chaque putain de fois qu&rsquo;il le faisait pour s&rsquo;assurer que tout allait bien. La r\u00e9ponse a toujours \u00e9t\u00e9 \u00aboui\u00bb. Tout le monde \u00e9tait d\u2019accord. Je pense juste que les sentiments ont \u00e9t\u00e9 bless\u00e9s  et cela s&rsquo;est transform\u00e9. Ils ont essentiellement travaill\u00e9 sur un tournage.<\/p><\/blockquote>\n<p><\/p>","protected":false},"excerpt":{"rendered":"<p>Lors d&rsquo;un \u00e9pisode r\u00e9cent de Something To Wrestle With, Bruce Prichard a r\u00e9v\u00e9l\u00e9 que contrairement \u00e0 la croyance populaire, c&rsquo;est Vince McMahon qui a d\u00e9cid\u00e9 de ne pas poursuivre une revanche entre Hulk Hogan et Shawn Michaels apr\u00e8s leur rencontre \u00e0 Summerslam 2005. Voici ce qu\u2019il avait \u00e0 dire : Vince a retir\u00e9 l&rsquo;affiche. Vince&#8230;<\/p>\n","protected":false},"author":665,"featured_media":34977,"comment_status":"open","ping_status":"closed","sticky":false,"template":"","format":"standard","meta":{"footnotes":""},"categories":[4,23],"tags":[],"ppma_author":[289],"class_list":["post-34827","post","type-post","status-publish","format-standard","has-post-thumbnail","hentry","category-news","category-wwe"],"authors":[{"term_id":289,"user_id":665,"is_guest":0,"slug":"line","display_name":"Line Edmond","avatar_url":"https:\/\/secure.gravatar.com\/avatar\/852de09636413c90cdaa278312f9ea5bc4396768745424755cb63d99a05989d0?s=96&d=mm&r=g","0":null,"1":"","2":"","3":"","4":"","5":"","6":"","7":"","8":""}],"_links":{"self":[{"href":"https:\/\/www.jdx.info\/lutte\/wp-json\/wp\/v2\/posts\/34827","targetHints":{"allow":["GET"]}}],"collection":[{"href":"https:\/\/www.jdx.info\/lutte\/wp-json\/wp\/v2\/posts"}],"about":[{"href":"https:\/\/www.jdx.info\/lutte\/wp-json\/wp\/v2\/types\/post"}],"author":[{"embeddable":true,"href":"https:\/\/www.jdx.info\/lutte\/wp-json\/wp\/v2\/users\/665"}],"replies":[{"embeddable":true,"href":"https:\/\/www.jdx.info\/lutte\/wp-json\/wp\/v2\/comments?post=34827"}],"version-history":[{"count":2,"href":"https:\/\/www.jdx.info\/lutte\/wp-json\/wp\/v2\/posts\/34827\/revisions"}],"predecessor-version":[{"id":34978,"href":"https:\/\/www.jdx.info\/lutte\/wp-json\/wp\/v2\/posts\/34827\/revisions\/34978"}],"wp:featuredmedia":[{"embeddable":true,"href":"https:\/\/www.jdx.info\/lutte\/wp-json\/wp\/v2\/media\/34977"}],"wp:attachment":[{"href":"https:\/\/www.jdx.info\/lutte\/wp-json\/wp\/v2\/media?parent=34827"}],"wp:term":[{"taxonomy":"category","embeddable":true,"href":"https:\/\/www.jdx.info\/lutte\/wp-json\/wp\/v2\/categories?post=34827"},{"taxonomy":"post_tag","embeddable":true,"href":"https:\/\/www.jdx.info\/lutte\/wp-json\/wp\/v2\/tags?post=34827"},{"taxonomy":"author","embeddable":true,"href":"https:\/\/www.jdx.info\/lutte\/wp-json\/wp\/v2\/ppma_author?post=34827"}],"curies":[{"name":"wp","href":"https:\/\/api.w.org\/{rel}","templated":true}]}}