{"id":34825,"date":"2020-08-24T10:02:46","date_gmt":"2020-08-24T14:02:46","guid":{"rendered":"http:\/\/www.jdx.info\/lutte\/?p=34825"},"modified":"2020-08-24T10:12:29","modified_gmt":"2020-08-24T14:12:29","slug":"dominik-discute-de-sa-croissance-dans-le-monde-de-la-lutte-de-la-facon-dont-il-se-prepare-pour-seth-rollins-a-summerslam","status":"publish","type":"post","link":"https:\/\/www.jdx.info\/lutte\/2020\/08\/24\/dominik-discute-de-sa-croissance-dans-le-monde-de-la-lutte-de-la-facon-dont-il-se-prepare-pour-seth-rollins-a-summerslam\/","title":{"rendered":"Dominik discute de sa croissance dans le monde de la lutte, de la fa\u00e7on dont il s&rsquo;est pr\u00e9par\u00e9 pour Seth Rollins \u00e0 SummerSlam!"},"content":{"rendered":"\n<p>Dominik Mystero est r\u00e9cemment apparu sur The Bump de la WWE pour faire conna\u00eetre ses d\u00e9buts sur le ring contre Seth Rollins au pay per view SummerSlam d&rsquo;hier soir. Les faits saillants :<\/p>\n\n\n\n<p>Comment il se sent apr\u00e8s que Seth l&rsquo;ait attaqu\u00e9 avec un b\u00e2ton de kendo :<\/p>\n\n\n\n<blockquote class=\"wp-block-quote is-layout-flow wp-block-quote-is-layout-flow\"><p>Je me sens beaucoup mieux. Les premiers jours ont \u00e9t\u00e9 tr\u00e8s difficiles car il y avait une sensation de picotement dans tout le haut de mon corps. Se battre \u00e9tait inconfortable, dormir \u00e9tait difficile, tout comme l&rsquo;entra\u00eenement. Les premiers jours, ils sont devenus des bleus, mais j&rsquo;ai gu\u00e9ri assez rapidement.<\/p><\/blockquote>\n\n\n\n<p>Comment il se pr\u00e9pare pour le combat de rue :<\/p>\n\n\n\n<blockquote class=\"wp-block-quote is-layout-flow wp-block-quote-is-layout-flow\"><p>Nous avons mis en place une ou deux choses ici et l\u00e0, que si le pire va au pire, nous avons des plans mis en place pour cela. Nous nous sommes entra\u00een\u00e9s dans diff\u00e9rents types d&rsquo;environnements. C&rsquo;est mon premier match de combat de rue, sans parler de mon premier match de lutte, donc nous nous pr\u00e9parons \u00e0 tout.<\/p><\/blockquote>\n\n\n\n<p>En grandissant dans l&rsquo;entreprise :<\/p>\n\n\n\n<blockquote class=\"wp-block-quote is-layout-flow wp-block-quote-is-layout-flow\"><p>J&rsquo;ai grandi dans cette entreprise, donc je sais \u00e0 quoi \u00e7a ressemble. Je connais les diff\u00e9rences entre avoir une foule et ne pas avoir une foule. Donc, je pense qu&rsquo;en g\u00e9n\u00e9ral, mon exp\u00e9rience en grandissant dans ce domaine depuis 5 ans, je pense que cela jouera certainement un facteur majeur.<\/p><\/blockquote>\n\n\n\n<p>Ce qui va suivre apr\u00e8s le match de ce soir :<\/p>\n\n\n\n<blockquote class=\"wp-block-quote is-layout-flow wp-block-quote-is-layout-flow\"><p>Je n\u2019y ai pas vraiment r\u00e9fl\u00e9chi car je suis super concentr\u00e9 pour  dimanche. Apr\u00e8s dimanche, je pense que je vais certainement m&rsquo;asseoir avec mon p\u00e8re et voir quelle est la prochaine \u00e9tape pour la dynastie Mysterio, et quelles sont les \u00e9tapes \u00e0 suivre.<\/p><\/blockquote>\n<p><\/p>","protected":false},"excerpt":{"rendered":"<p>Dominik Mystero est r\u00e9cemment apparu sur The Bump de la WWE pour faire conna\u00eetre ses d\u00e9buts sur le ring contre Seth Rollins au pay per view SummerSlam d&rsquo;hier soir. Les faits saillants : Comment il se sent apr\u00e8s que Seth l&rsquo;ait attaqu\u00e9 avec un b\u00e2ton de kendo : Je me sens beaucoup mieux. Les premiers&#8230;<\/p>\n","protected":false},"author":665,"featured_media":34973,"comment_status":"open","ping_status":"closed","sticky":false,"template":"","format":"standard","meta":{"footnotes":""},"categories":[4,23],"tags":[],"ppma_author":[289],"class_list":["post-34825","post","type-post","status-publish","format-standard","has-post-thumbnail","hentry","category-news","category-wwe"],"authors":[{"term_id":289,"user_id":665,"is_guest":0,"slug":"line","display_name":"Line Edmond","avatar_url":"https:\/\/secure.gravatar.com\/avatar\/852de09636413c90cdaa278312f9ea5bc4396768745424755cb63d99a05989d0?s=96&d=mm&r=g","0":null,"1":"","2":"","3":"","4":"","5":"","6":"","7":"","8":""}],"_links":{"self":[{"href":"https:\/\/www.jdx.info\/lutte\/wp-json\/wp\/v2\/posts\/34825","targetHints":{"allow":["GET"]}}],"collection":[{"href":"https:\/\/www.jdx.info\/lutte\/wp-json\/wp\/v2\/posts"}],"about":[{"href":"https:\/\/www.jdx.info\/lutte\/wp-json\/wp\/v2\/types\/post"}],"author":[{"embeddable":true,"href":"https:\/\/www.jdx.info\/lutte\/wp-json\/wp\/v2\/users\/665"}],"replies":[{"embeddable":true,"href":"https:\/\/www.jdx.info\/lutte\/wp-json\/wp\/v2\/comments?post=34825"}],"version-history":[{"count":3,"href":"https:\/\/www.jdx.info\/lutte\/wp-json\/wp\/v2\/posts\/34825\/revisions"}],"predecessor-version":[{"id":34975,"href":"https:\/\/www.jdx.info\/lutte\/wp-json\/wp\/v2\/posts\/34825\/revisions\/34975"}],"wp:featuredmedia":[{"embeddable":true,"href":"https:\/\/www.jdx.info\/lutte\/wp-json\/wp\/v2\/media\/34973"}],"wp:attachment":[{"href":"https:\/\/www.jdx.info\/lutte\/wp-json\/wp\/v2\/media?parent=34825"}],"wp:term":[{"taxonomy":"category","embeddable":true,"href":"https:\/\/www.jdx.info\/lutte\/wp-json\/wp\/v2\/categories?post=34825"},{"taxonomy":"post_tag","embeddable":true,"href":"https:\/\/www.jdx.info\/lutte\/wp-json\/wp\/v2\/tags?post=34825"},{"taxonomy":"author","embeddable":true,"href":"https:\/\/www.jdx.info\/lutte\/wp-json\/wp\/v2\/ppma_author?post=34825"}],"curies":[{"name":"wp","href":"https:\/\/api.w.org\/{rel}","templated":true}]}}