{"id":34823,"date":"2020-08-24T09:59:23","date_gmt":"2020-08-24T13:59:23","guid":{"rendered":"http:\/\/www.jdx.info\/lutte\/?p=34823"},"modified":"2020-08-24T09:59:26","modified_gmt":"2020-08-24T13:59:26","slug":"les-sessions-broken-skull-de-steve-austin-reviennent-sur-le-wwe-network","status":"publish","type":"post","link":"https:\/\/www.jdx.info\/lutte\/2020\/08\/24\/les-sessions-broken-skull-de-steve-austin-reviennent-sur-le-wwe-network\/","title":{"rendered":"Les sessions Broken Skull de Steve Austin reviennent sur le WWE Network!"},"content":{"rendered":"\n<p>Un nouvel \u00e9pisode de Broken Skull Sessions avec l&rsquo;h\u00f4te et le Hall of Famer de la WWE Steve Austin devrait \u00eatre diffus\u00e9 sur le r\u00e9seau WWE dans les semaines \u00e0 venir.<\/p>\n\n\n\n<p>Le Hall of Famer de la WWE, Jerry Lawler, a r\u00e9v\u00e9l\u00e9 sur Twitter qu&rsquo;il avait film\u00e9 une interview avec Austin samedi.<\/p>\n\n\n\n<blockquote class=\"wp-block-quote is-layout-flow wp-block-quote-is-layout-flow\"><p>\u00abJe viens de terminer le tournage d&rsquo;un \u00e9pisode de @steveaustinBSR Broken Skull Sessions !! Il sera diffus\u00e9 sur le @WWENetwork dans quelques semaines \u00bb, a \u00e9crit Lawler.<\/p><\/blockquote>\n\n\n\n<p>On ne sait pas encore quand l&rsquo;interview sera diffus\u00e9e sur le r\u00e9seau WWE, mais restez \u00e0 l&rsquo;\u00e9coute car nous vous tiendrons au courant.<\/p>\n\n\n\n<p>Austin a actuellement des \u00e9pisodes de Broken Skull Sessions avec diverses l\u00e9gendes et Hall of Famers sur le r\u00e9seau WWE &#8211; Mark Henry, Ric Flair, Bret Hart, Big Show, Kane, Bill Goldberg et The Undertaker.<\/p>\n<p><\/p>","protected":false},"excerpt":{"rendered":"<p>Un nouvel \u00e9pisode de Broken Skull Sessions avec l&rsquo;h\u00f4te et le Hall of Famer de la WWE Steve Austin devrait \u00eatre diffus\u00e9 sur le r\u00e9seau WWE dans les semaines \u00e0 venir. Le Hall of Famer de la WWE, Jerry Lawler, a r\u00e9v\u00e9l\u00e9 sur Twitter qu&rsquo;il avait film\u00e9 une interview avec Austin samedi. \u00abJe viens de&#8230;<\/p>\n","protected":false},"author":665,"featured_media":34970,"comment_status":"open","ping_status":"closed","sticky":false,"template":"","format":"standard","meta":{"footnotes":""},"categories":[4,23],"tags":[],"ppma_author":[289],"class_list":["post-34823","post","type-post","status-publish","format-standard","has-post-thumbnail","hentry","category-news","category-wwe"],"authors":[{"term_id":289,"user_id":665,"is_guest":0,"slug":"line","display_name":"Line Edmond","avatar_url":"https:\/\/secure.gravatar.com\/avatar\/852de09636413c90cdaa278312f9ea5bc4396768745424755cb63d99a05989d0?s=96&d=mm&r=g","0":null,"1":"","2":"","3":"","4":"","5":"","6":"","7":"","8":""}],"_links":{"self":[{"href":"https:\/\/www.jdx.info\/lutte\/wp-json\/wp\/v2\/posts\/34823","targetHints":{"allow":["GET"]}}],"collection":[{"href":"https:\/\/www.jdx.info\/lutte\/wp-json\/wp\/v2\/posts"}],"about":[{"href":"https:\/\/www.jdx.info\/lutte\/wp-json\/wp\/v2\/types\/post"}],"author":[{"embeddable":true,"href":"https:\/\/www.jdx.info\/lutte\/wp-json\/wp\/v2\/users\/665"}],"replies":[{"embeddable":true,"href":"https:\/\/www.jdx.info\/lutte\/wp-json\/wp\/v2\/comments?post=34823"}],"version-history":[{"count":2,"href":"https:\/\/www.jdx.info\/lutte\/wp-json\/wp\/v2\/posts\/34823\/revisions"}],"predecessor-version":[{"id":34971,"href":"https:\/\/www.jdx.info\/lutte\/wp-json\/wp\/v2\/posts\/34823\/revisions\/34971"}],"wp:featuredmedia":[{"embeddable":true,"href":"https:\/\/www.jdx.info\/lutte\/wp-json\/wp\/v2\/media\/34970"}],"wp:attachment":[{"href":"https:\/\/www.jdx.info\/lutte\/wp-json\/wp\/v2\/media?parent=34823"}],"wp:term":[{"taxonomy":"category","embeddable":true,"href":"https:\/\/www.jdx.info\/lutte\/wp-json\/wp\/v2\/categories?post=34823"},{"taxonomy":"post_tag","embeddable":true,"href":"https:\/\/www.jdx.info\/lutte\/wp-json\/wp\/v2\/tags?post=34823"},{"taxonomy":"author","embeddable":true,"href":"https:\/\/www.jdx.info\/lutte\/wp-json\/wp\/v2\/ppma_author?post=34823"}],"curies":[{"name":"wp","href":"https:\/\/api.w.org\/{rel}","templated":true}]}}