{"id":34689,"date":"2020-08-24T09:34:10","date_gmt":"2020-08-24T13:34:10","guid":{"rendered":"http:\/\/www.jdx.info\/lutte\/?p=34689"},"modified":"2020-08-24T09:34:32","modified_gmt":"2020-08-24T13:34:32","slug":"shane-mcmahon-va-t-il-jouer-un-role-beaucoup-plus-important-a-la-wwe","status":"publish","type":"post","link":"https:\/\/www.jdx.info\/lutte\/2020\/08\/24\/shane-mcmahon-va-t-il-jouer-un-role-beaucoup-plus-important-a-la-wwe\/","title":{"rendered":"Shane McMahon va-t-il jouer un r\u00f4le beaucoup plus important \u00e0 la WWE?"},"content":{"rendered":"\n<p>Le PDG de la WWE, Vince McMahon, envisagerait une autre transformation cr\u00e9ative majeure qui verrait Shane McMahon reprendre la marque RAW de Bruce Prichard, qui travaille actuellement en tant que vice-pr\u00e9sident principal de la WWE et directeur ex\u00e9cutif des deux principales marques de la liste.<\/p>\n\n\n\n<p>Alex McCarthy de Sportskeeda rapporte que le changement permettrait \u00e0 Prichard de se concentrer uniquement sur SmackDown.<\/p>\n\n\n\n<p>Shane, qui est r\u00e9cemment revenu pour animer le concept RAW Underground, a \u00e9t\u00e9 plus influent dans les coulisses que la plupart des fans ne le pensent. Il a jou\u00e9 un r\u00f4le cl\u00e9 dans l\u2019organisation du match \u00e0 succ\u00e8s Men\u2019s Royal Rumble cette ann\u00e9e, aux c\u00f4t\u00e9s de l\u2019ancien directeur g\u00e9n\u00e9ral de RAW Paul Heyman et d\u2019autres. Shane s&rsquo;est \u00e9galement assis \u00e0 c\u00f4t\u00e9 de son p\u00e8re dans la plupart des principaux spectacles de la liste, aidant \u00e0 produire les spectacles et \u00e0 proposer des id\u00e9es. On a dit que Shane avait beaucoup mieux travaill\u00e9 avec Vince lors de sa deuxi\u00e8me course avec la soci\u00e9t\u00e9.<\/p>\n\n\n\n<p>Il a \u00e9galement \u00e9t\u00e9 not\u00e9 que Prichard a exprim\u00e9 la fa\u00e7on dont il aimerait all\u00e9ger sa charge de travail alors qu&rsquo;il serait aux prises avec les longues heures.<\/p>\n\n\n\n<p>Au fil des ans, il y a eu le sentiment que Triple H et Stephanie McMahon \u00e9taient mont\u00e9es au-dessus de Shane et qu&rsquo;ils \u00e9taient les h\u00e9ritiers proverbiaux du tr\u00f4ne. Cependant, McCarthy a not\u00e9 que cela n&rsquo;est plus consid\u00e9r\u00e9 comme un acquis, avec les r\u00f4les changeants de Triple H, qui peuvent ou non avoir une plus grande signification dans le grand sch\u00e9ma des choses.<\/p>\n<p><\/p>","protected":false},"excerpt":{"rendered":"<p>Le PDG de la WWE, Vince McMahon, envisagerait une autre transformation cr\u00e9ative majeure qui verrait Shane McMahon reprendre la marque RAW de Bruce Prichard, qui travaille actuellement en tant que vice-pr\u00e9sident principal de la WWE et directeur ex\u00e9cutif des deux principales marques de la liste. Alex McCarthy de Sportskeeda rapporte que le changement permettrait \u00e0&#8230;<\/p>\n","protected":false},"author":665,"featured_media":34959,"comment_status":"open","ping_status":"closed","sticky":false,"template":"","format":"standard","meta":{"footnotes":""},"categories":[4,43,23],"tags":[],"ppma_author":[289],"class_list":["post-34689","post","type-post","status-publish","format-standard","has-post-thumbnail","hentry","category-news","category-raw-wwe","category-wwe"],"authors":[{"term_id":289,"user_id":665,"is_guest":0,"slug":"line","display_name":"Line Edmond","avatar_url":"https:\/\/secure.gravatar.com\/avatar\/852de09636413c90cdaa278312f9ea5bc4396768745424755cb63d99a05989d0?s=96&d=mm&r=g","0":null,"1":"","2":"","3":"","4":"","5":"","6":"","7":"","8":""}],"_links":{"self":[{"href":"https:\/\/www.jdx.info\/lutte\/wp-json\/wp\/v2\/posts\/34689","targetHints":{"allow":["GET"]}}],"collection":[{"href":"https:\/\/www.jdx.info\/lutte\/wp-json\/wp\/v2\/posts"}],"about":[{"href":"https:\/\/www.jdx.info\/lutte\/wp-json\/wp\/v2\/types\/post"}],"author":[{"embeddable":true,"href":"https:\/\/www.jdx.info\/lutte\/wp-json\/wp\/v2\/users\/665"}],"replies":[{"embeddable":true,"href":"https:\/\/www.jdx.info\/lutte\/wp-json\/wp\/v2\/comments?post=34689"}],"version-history":[{"count":3,"href":"https:\/\/www.jdx.info\/lutte\/wp-json\/wp\/v2\/posts\/34689\/revisions"}],"predecessor-version":[{"id":34960,"href":"https:\/\/www.jdx.info\/lutte\/wp-json\/wp\/v2\/posts\/34689\/revisions\/34960"}],"wp:featuredmedia":[{"embeddable":true,"href":"https:\/\/www.jdx.info\/lutte\/wp-json\/wp\/v2\/media\/34959"}],"wp:attachment":[{"href":"https:\/\/www.jdx.info\/lutte\/wp-json\/wp\/v2\/media?parent=34689"}],"wp:term":[{"taxonomy":"category","embeddable":true,"href":"https:\/\/www.jdx.info\/lutte\/wp-json\/wp\/v2\/categories?post=34689"},{"taxonomy":"post_tag","embeddable":true,"href":"https:\/\/www.jdx.info\/lutte\/wp-json\/wp\/v2\/tags?post=34689"},{"taxonomy":"author","embeddable":true,"href":"https:\/\/www.jdx.info\/lutte\/wp-json\/wp\/v2\/ppma_author?post=34689"}],"curies":[{"name":"wp","href":"https:\/\/api.w.org\/{rel}","templated":true}]}}