{"id":34050,"date":"2020-08-11T14:49:07","date_gmt":"2020-08-11T18:49:07","guid":{"rendered":"http:\/\/www.jdx.info\/lutte\/?p=34050"},"modified":"2020-08-11T14:54:56","modified_gmt":"2020-08-11T18:54:56","slug":"lufisto-son-match-contre-josh-alexander-la-fait-continuer-lance-storm-sur-la-lutte-inter-genre-speakingout","status":"publish","type":"post","link":"https:\/\/www.jdx.info\/lutte\/2020\/08\/11\/lufisto-son-match-contre-josh-alexander-la-fait-continuer-lance-storm-sur-la-lutte-inter-genre-speakingout\/","title":{"rendered":"Lufisto : Son Match Contre Josh Alexander L&rsquo;a Fait Continuer! Lance Storm Sur La Lutte Inter-Genre! #SpeakingOut!"},"content":{"rendered":"\n<center><iframe src='https:\/\/podomatic.com\/embed\/html5\/episode\/9811354?autoplay=false' height='208' width='504'frameborder='0' marginheight='0' marginwidth='0' scrolling='no' allowfullscreen><\/iframe><\/center>\n\n\n\n<p>La lutteuse canadienne Lufisto \u00e9tait l&rsquo;invit\u00e9e r\u00e9cente du <strong><a href=\"https:\/\/www.podomatic.com\/podcasts\/pollodelmar\/episodes\/2020-08-07T22_32_05-07_00\" target=\"_blank\" rel=\"noreferrer noopener\" aria-label=\"podcast Arm Drag Takedown (s\u2019ouvre dans un nouvel onglet)\">podcast Arm Drag Takedown<\/a><\/strong> pour parler de lutte professionnelle, y compris ses r\u00e9flexions sur ce que Lance Storm a dit \u00e0 propos de la lutte entre les sexes et \u00e0 quel point une confrontation contre Josh Alexander d&rsquo;IMPACT \u00e9tait importante pour elle dans sa carri\u00e8re. <\/p>\n\n\n\n<p>Les faits saillants :<\/p>\n\n\n\n<blockquote class=\"wp-block-quote is-layout-flow wp-block-quote-is-layout-flow\"><p>Ce match \u00e9tait si sp\u00e9cial pour moi. J&rsquo;en avais vraiment marre de la lutte, je pr\u00e9parais ma sortie &#8211; prendre ma retraite, et c&rsquo;\u00e9tait tout. J&rsquo;ai eu ce match avec Josh et la foule \u00e9tait tellement folle. En fin de compte, j&rsquo;ai perdu ce match. Mais quand je me suis lev\u00e9, j&rsquo;ai vu les fans courir vers le ring\u2026 et me faire la plus grande ovation de ma vie! J&rsquo;ai dit : \u00ab\u00a0<em>Eh bien, peut-\u00eatre que je l\u2019ai encore<\/em>\u00a0\u00bb et il a dit : \u00ab\u00a0<em>Non, vous ne l\u2019avez jamais perdu. Vous pensiez seulement que vous l&rsquo;aviez fait. Et cela met tout en perspective<\/em>\u00ab\u00a0. C\u2019est l\u00e0 que j\u2019ai d\u00e9cid\u00e9, j\u2019aime tellement \u00e7a. C&rsquo;est dans mon sang. Cela me rend enti\u00e8re. Pour moi, ce n\u2019est pas un r\u00eave; c\u2019est un appel, c\u2019est l\u00e0 que je suis! J&rsquo;ai essay\u00e9 d&rsquo;arr\u00eater tant de fois, mais je ne peux pas. C&rsquo;est ma vocation<\/p><\/blockquote>\n\n\n\n<blockquote class=\"wp-block-quote is-layout-flow wp-block-quote-is-layout-flow\"><p>Depuis que de nombreuses filles ont racont\u00e9 des histoires de harc\u00e8lement sexuel, m\u00eame de la part de la direction de CZW, tout a \u00e9t\u00e9 extr\u00eamement calme. Avec le mouvement #SpeakingOut, je pense que tout le monde est tr\u00e8s prudent avec ce qu\u2019il dit, ce qu\u2019il fait. Oui, il aurait pu y avoir des gens qui parlaient de poursuites, mais l&rsquo;objectif principal \u00e9tait de ne pas le faire. Nous sommes des athl\u00e8tes professionnels. Pr\u00e9sentez-nous comme tel.<\/p><\/blockquote>\n\n\n\n<p>Parle des r\u00e9flexions de Lance Storm sur la lutte inter-genre:<\/p>\n\n\n\n<blockquote class=\"wp-block-quote is-layout-flow wp-block-quote-is-layout-flow\"><p>Lance Storm a d\u00e9clar\u00e9 que l&rsquo;inter-genre ne devrait pas \u00eatre une affaire \u00e0 cause de ce que cela repr\u00e9sente. Je pense qu&rsquo;il a eu beaucoup trop de chaleur pour ce qu&rsquo;il essayait d&rsquo;expliquer. Personne dans le ring de lutte, qu&rsquo;il s&rsquo;agisse de lutte hardcore ou inter-genre, ne devrait \u00eatre oblig\u00e9 de le faire. Je pense qu&rsquo;il vient d&rsquo;un bon endroit, o\u00f9 il l&rsquo;a probablement vu, et je suis s\u00fbr qu&rsquo;il l&rsquo;a fait, et j&rsquo;en faisais partie o\u00f9 certains gars ont \u00e9t\u00e9 forc\u00e9s de me battre et j&rsquo;ai \u00e9t\u00e9 battu. Cela n&rsquo;arrivera pas aujourd&rsquo;hui. Aujourd&rsquo;hui, tout le monde va \u00eatre appel\u00e9, et je pense que les gens ne sont pas en mesure de voir la situation dans son ensemble, l\u00e0 o\u00f9 il y a des ann\u00e9es dans la lutte inter-genre, les gars \u00e9taient contre et il fallait se battre pour cela. \u00c0 l&rsquo;\u00e9poque, il fallait se battre pour \u00eatre  \u00e9gal, pour gagner du temps sur le ring, pour \u00eatre plus que le manager et le morceau de viande, pour \u00eatre vu comme un athl\u00e8te et y avoir un match. Maintenant, vous verrez des combats de lutte inter-genres partout. La plupart des gars n\u2019ont pas de probl\u00e8me \u00e0 lutter contre les filles. Ils seront vraiment excit\u00e9s de lutter contre les femmes, car ils voient cela comme \u00absi elle est une bonne lutteuse, c\u2019est une bonne lutteuse. Point.\u00a0\u00bb<\/p><\/blockquote>\n\n\n\n<p>.<\/p>\n\n\n\n<center><iframe loading=\"lazy\" width=\"560\" height=\"315\" src=\"https:\/\/www.youtube.com\/embed\/wvbOl8K3oUs\" frameborder=\"0\" allow=\"accelerometer; autoplay; encrypted-media; gyroscope; picture-in-picture\" allowfullscreen><\/iframe><\/center>\n<p><\/p>","protected":false},"excerpt":{"rendered":"<p>La lutteuse canadienne Lufisto \u00e9tait l&rsquo;invit\u00e9e r\u00e9cente du podcast Arm Drag Takedown pour parler de lutte professionnelle, y compris ses r\u00e9flexions sur ce que Lance Storm a dit \u00e0 propos de la lutte entre les sexes et \u00e0 quel point une confrontation contre Josh Alexander d&rsquo;IMPACT \u00e9tait importante pour elle dans sa carri\u00e8re. Les faits&#8230;<\/p>\n","protected":false},"author":665,"featured_media":34104,"comment_status":"open","ping_status":"closed","sticky":false,"template":"","format":"standard","meta":{"footnotes":""},"categories":[22,4],"tags":[],"ppma_author":[289],"class_list":["post-34050","post","type-post","status-publish","format-standard","has-post-thumbnail","hentry","category-indy","category-news"],"authors":[{"term_id":289,"user_id":665,"is_guest":0,"slug":"line","display_name":"Line Edmond","avatar_url":"https:\/\/secure.gravatar.com\/avatar\/852de09636413c90cdaa278312f9ea5bc4396768745424755cb63d99a05989d0?s=96&d=mm&r=g","0":null,"1":"","2":"","3":"","4":"","5":"","6":"","7":"","8":""}],"_links":{"self":[{"href":"https:\/\/www.jdx.info\/lutte\/wp-json\/wp\/v2\/posts\/34050","targetHints":{"allow":["GET"]}}],"collection":[{"href":"https:\/\/www.jdx.info\/lutte\/wp-json\/wp\/v2\/posts"}],"about":[{"href":"https:\/\/www.jdx.info\/lutte\/wp-json\/wp\/v2\/types\/post"}],"author":[{"embeddable":true,"href":"https:\/\/www.jdx.info\/lutte\/wp-json\/wp\/v2\/users\/665"}],"replies":[{"embeddable":true,"href":"https:\/\/www.jdx.info\/lutte\/wp-json\/wp\/v2\/comments?post=34050"}],"version-history":[{"count":4,"href":"https:\/\/www.jdx.info\/lutte\/wp-json\/wp\/v2\/posts\/34050\/revisions"}],"predecessor-version":[{"id":34107,"href":"https:\/\/www.jdx.info\/lutte\/wp-json\/wp\/v2\/posts\/34050\/revisions\/34107"}],"wp:featuredmedia":[{"embeddable":true,"href":"https:\/\/www.jdx.info\/lutte\/wp-json\/wp\/v2\/media\/34104"}],"wp:attachment":[{"href":"https:\/\/www.jdx.info\/lutte\/wp-json\/wp\/v2\/media?parent=34050"}],"wp:term":[{"taxonomy":"category","embeddable":true,"href":"https:\/\/www.jdx.info\/lutte\/wp-json\/wp\/v2\/categories?post=34050"},{"taxonomy":"post_tag","embeddable":true,"href":"https:\/\/www.jdx.info\/lutte\/wp-json\/wp\/v2\/tags?post=34050"},{"taxonomy":"author","embeddable":true,"href":"https:\/\/www.jdx.info\/lutte\/wp-json\/wp\/v2\/ppma_author?post=34050"}],"curies":[{"name":"wp","href":"https:\/\/api.w.org\/{rel}","templated":true}]}}