{"id":33793,"date":"2020-08-12T14:25:46","date_gmt":"2020-08-12T18:25:46","guid":{"rendered":"http:\/\/www.jdx.info\/lutte\/?p=33793"},"modified":"2020-08-12T14:25:51","modified_gmt":"2020-08-12T18:25:51","slug":"plus-sur-la-signature-de-vickie-guerrero-a-la-aew-sa-complicite-avec-rose-pas-sur-la-meme-longueur-dondes-avec-la-wwe-et-plus","status":"publish","type":"post","link":"https:\/\/www.jdx.info\/lutte\/2020\/08\/12\/plus-sur-la-signature-de-vickie-guerrero-a-la-aew-sa-complicite-avec-rose-pas-sur-la-meme-longueur-dondes-avec-la-wwe-et-plus\/","title":{"rendered":"Plus Sur La Signature De Vickie Guerrero \u00e0 la AEW! Sa Complicit\u00e9 avec Rose! Pas Sur La M\u00eame Longueur D&rsquo;ondes Avec La WWE, et Plus!"},"content":{"rendered":"\n<p>Comme vous le savez, l&rsquo;ancienne interpr\u00e8te de la WWE Vickie Guerrero a officiellement sign\u00e9 avec AEW.<\/p>\n\n\n\n<p>Vickie a parl\u00e9 avec Simon Hannig de Fansided et a r\u00e9v\u00e9l\u00e9 qu&rsquo;elle venait de signer le contrat cette semaine. Il n&rsquo;y a pas encore de mot sur les termes de l&rsquo;accord.<\/p>\n\n\n\n<p>Vickie a parl\u00e9 de la d\u00e9cision de signer avec la AEW et du fait qu&rsquo;elle ne voulait pas retourner \u00e0 la WWE apr\u00e8s avoir \u00e9t\u00e9 affili\u00e9e \u00e0 la soci\u00e9t\u00e9 pendant des ann\u00e9es, avant que son mari, Eddie Guerrero, ne d\u00e9c\u00e8de en 2005.<\/p>\n\n\n\n<blockquote class=\"wp-block-quote is-layout-flow wp-block-quote-is-layout-flow\"><p> \u00abPas d&rsquo;h\u00e9sitation, dites-le de cette fa\u00e7on\u00bb. J&rsquo;ai pris ma retraite de la WWE en 2014. Mon objectif n&rsquo;\u00e9tait pas de revenir vers eux. Nous avons juste eu beaucoup de diff\u00e9rences d&rsquo;opinions et de choses qui se passaient. Si ce n\u2019\u00e9tait pas pour la AEW, je ne pense pas que je serais ailleurs, mais quand la All Elite Wrestling m&rsquo;a pr\u00e9sent\u00e9 qu\u2019il y avait une opportunit\u00e9, je me suis donn\u00e9 \u00e0 100%, tout mon \u00eatre. J&rsquo;ai dit : \u00ab\u00a0<em>Je suis l\u00e0 pour vous et j&rsquo;ai h\u00e2te de faire parti avec l&rsquo;entreprise.<\/em>\u00ab\u00a0<\/p><\/blockquote>\n\n\n\n<p>Elle a \u00e9galement r\u00e9v\u00e9l\u00e9 qu&rsquo;elle avait des amis \u00e0 la AEW qui l&rsquo;encourageaient \u00e0 signer avec la soci\u00e9t\u00e9, notamment le producteur Dean Malenko et le vice-pr\u00e9sident ex\u00e9cutif Cody Rhodes.<\/p>\n\n\n\n<blockquote class=\"wp-block-quote is-layout-flow wp-block-quote-is-layout-flow\"><p>\u00abJe pense que c&rsquo;\u00e9tait beaucoup d&rsquo;amis communs\u00bb. J&rsquo;ai beaucoup de tr\u00e8s bons amis que je connais depuis des ann\u00e9es, Cody Rhodes et Dean Malenko, mon Dieu, juste moi qui collabore et fait des apparitions diff\u00e9rentes. Il y a eu une conversation dans les deux sens. Je pense qu&rsquo;avec cela, nous venons juste de conclure que j&rsquo;aimerais travailler \u00e0 la AEW, ce que j&rsquo;ai pleinement exprim\u00e9.<\/p><p>\u00abJe suis juste tomb\u00e9 amoureuse de l&rsquo;entreprise et le respect qu&rsquo;ils ont pour les superstars et la fa\u00e7on dont ils dirigent leur entreprise m&rsquo;ont attir\u00e9. C\u2019est l\u00e0 que je suis maintenant. Je suis vraiment content d\u2019\u00eatre l\u00e0. \u00bb<\/p><\/blockquote>\n\n\n\n<p>Vickie a comment\u00e9 l&rsquo;\u00e9mission <strong><a href=\"https:\/\/www.jdx.info\/lutte\/?s=Regardez+AEW+DARK\" target=\"_blank\" rel=\"noreferrer noopener\" aria-label=\"AEW DARK (s\u2019ouvre dans un nouvel onglet)\">AEW DARK<\/a><\/strong> plus t\u00f4t cette ann\u00e9e, mais le mois dernier, elle a \u00e9t\u00e9 r\u00e9v\u00e9l\u00e9e \u00eatre la nouvelle manager de Nyla Rose. Elle a expliqu\u00e9 comment Rose et elle avaient propos\u00e9 de nouvelles id\u00e9es pour leur sc\u00e9nario et leur chimie.<\/p>\n\n\n\n<blockquote class=\"wp-block-quote is-layout-flow wp-block-quote-is-layout-flow\"><p>\u00abNyla et moi avons pass\u00e9 un bon moment dans les coulisses\u00bb . Nous cr\u00e9ons de nouvelles id\u00e9es pour un sc\u00e9nario cr\u00e9atif. Nous pensons \u00e0 de nouveaux slogans, ainsi qu&rsquo;\u00e0 nos hashtags. Je veux dire qu&rsquo;elle a une bonne attitude et une personne tellement dr\u00f4le avec qui travailler.<\/p><p>Je pense qu&rsquo;avec nos sc\u00e8nes de com\u00e9dies et juste des blagues, nous avons pass\u00e9 un moment vraiment amusant dans les coulisses. J&rsquo;ai h\u00e2te de d\u00e9couvrir de tr\u00e8s bons sc\u00e9narios avec le rosters des femmes d la AEW. <\/p><\/blockquote>\n\n\n\n<p class=\"has-medium-font-size\"><a href=\"https:\/\/www.jdx.info\/lutte\/2020\/08\/12\/le-plus-gros-defi-de-cody-championnat-et-celebrations-des-equipes-aew-rematch-jericho-vs-cassid-et-plus-ce-soir-a-dynamite\/\">Pour l&rsquo;avant gout du AEW Dynamite de ce soir, cliquez ici<\/a><\/p>\n<p><\/p>","protected":false},"excerpt":{"rendered":"<p>Comme vous le savez, l&rsquo;ancienne interpr\u00e8te de la WWE Vickie Guerrero a officiellement sign\u00e9 avec AEW. Vickie a parl\u00e9 avec Simon Hannig de Fansided et a r\u00e9v\u00e9l\u00e9 qu&rsquo;elle venait de signer le contrat cette semaine. Il n&rsquo;y a pas encore de mot sur les termes de l&rsquo;accord. Vickie a parl\u00e9 de la d\u00e9cision de signer&#8230;<\/p>\n","protected":false},"author":665,"featured_media":34143,"comment_status":"open","ping_status":"closed","sticky":false,"template":"","format":"standard","meta":{"footnotes":""},"categories":[38,24,30,4],"tags":[],"ppma_author":[289],"class_list":["post-33793","post","type-post","status-publish","format-standard","has-post-thumbnail","hentry","category-aew","category-aew-impact-njpw-roh","category-ex-wwe","category-news"],"authors":[{"term_id":289,"user_id":665,"is_guest":0,"slug":"line","display_name":"Line Edmond","avatar_url":"https:\/\/secure.gravatar.com\/avatar\/852de09636413c90cdaa278312f9ea5bc4396768745424755cb63d99a05989d0?s=96&d=mm&r=g","0":null,"1":"","2":"","3":"","4":"","5":"","6":"","7":"","8":""}],"_links":{"self":[{"href":"https:\/\/www.jdx.info\/lutte\/wp-json\/wp\/v2\/posts\/33793","targetHints":{"allow":["GET"]}}],"collection":[{"href":"https:\/\/www.jdx.info\/lutte\/wp-json\/wp\/v2\/posts"}],"about":[{"href":"https:\/\/www.jdx.info\/lutte\/wp-json\/wp\/v2\/types\/post"}],"author":[{"embeddable":true,"href":"https:\/\/www.jdx.info\/lutte\/wp-json\/wp\/v2\/users\/665"}],"replies":[{"embeddable":true,"href":"https:\/\/www.jdx.info\/lutte\/wp-json\/wp\/v2\/comments?post=33793"}],"version-history":[{"count":2,"href":"https:\/\/www.jdx.info\/lutte\/wp-json\/wp\/v2\/posts\/33793\/revisions"}],"predecessor-version":[{"id":34144,"href":"https:\/\/www.jdx.info\/lutte\/wp-json\/wp\/v2\/posts\/33793\/revisions\/34144"}],"wp:featuredmedia":[{"embeddable":true,"href":"https:\/\/www.jdx.info\/lutte\/wp-json\/wp\/v2\/media\/34143"}],"wp:attachment":[{"href":"https:\/\/www.jdx.info\/lutte\/wp-json\/wp\/v2\/media?parent=33793"}],"wp:term":[{"taxonomy":"category","embeddable":true,"href":"https:\/\/www.jdx.info\/lutte\/wp-json\/wp\/v2\/categories?post=33793"},{"taxonomy":"post_tag","embeddable":true,"href":"https:\/\/www.jdx.info\/lutte\/wp-json\/wp\/v2\/tags?post=33793"},{"taxonomy":"author","embeddable":true,"href":"https:\/\/www.jdx.info\/lutte\/wp-json\/wp\/v2\/ppma_author?post=33793"}],"curies":[{"name":"wp","href":"https:\/\/api.w.org\/{rel}","templated":true}]}}