{"id":33204,"date":"2020-07-30T17:56:17","date_gmt":"2020-07-30T21:56:17","guid":{"rendered":"http:\/\/www.jdx.info\/lutte\/?p=33204"},"modified":"2020-07-30T18:06:08","modified_gmt":"2020-07-30T22:06:08","slug":"pas-arena-avant-2021-selon-un-main-eventer-de-la-wwe","status":"publish","type":"post","link":"https:\/\/www.jdx.info\/lutte\/2020\/07\/30\/pas-arena-avant-2021-selon-un-main-eventer-de-la-wwe\/","title":{"rendered":"Pas De Vrais Ar\u00e9na Avant 2021, Selon un Main Eventer De La WWE!"},"content":{"rendered":"\n<p>A moins d&rsquo;\u00eatre sur mars, vous savez que depuis le mois de mars, la WWE produit ses shows soit en direct ou enregistr\u00e9 au Performance Center en raison de la pand\u00e9mie, et au Full Sail Arena pour NXT. <\/p>\n\n\n\n<p>La compagnie esp\u00e9rait pouvoir revenir dans les ar\u00e9nas avec des fans pour SummerSlam, ce qui n&rsquo;aura pas lieu officialis\u00e9 tout ress\u00e8ment. <\/p>\n\n\n\n<p>Selon les derni\u00e8res rumeurs, Vince McMahon et ses t\u00eate pensentes, songent \u00e0 plusieurs lieux diff\u00e9rents pour l\u2019\u00e9v\u00e9nement de cet \u00e9t\u00e9. Pour le moment, aucun endroit n&rsquo;a \u00e9t\u00e9 annonc\u00e9, et m\u00eame les SuperStars ne sont pas au courant en ce moment.<\/p>\n\n\n\n<p>En stream sur son compte\u00a0<a rel=\"noreferrer noopener\" href=\"https:\/\/www.twitch.tv\/stylesclash\" target=\"_blank\">Twitch<\/a>, AJ Styles a d\u00e9voil\u00e9 ce qu&rsquo;il savait \u00e0 propos de SummerSlam, c&rsquo;est-\u00e0-dire rien!<\/p>\n\n\n\n<blockquote class=\"wp-block-quote is-layout-flow wp-block-quote-is-layout-flow\"><p>&lt;&lt; Je n&rsquo;ai aucune id\u00e9e de ce qu&rsquo;il se passe avec SummerSlam et o\u00f9 \u00e7a aura lieu, si \u00e7a a lieu au Performance Center ou si on va vraiment faire comme \u00e7a (rumeurs sur les diff\u00e9rents lieux, ndlr). >><\/p><\/blockquote>\n\n\n\n<p>Alors oui, si la WWE organise SummerSlam sur une plage ou un bateau, les Superstars devront s&rsquo;y pr\u00e9parer rapidement. Mais le&nbsp;<em>Ph\u00e9nom\u00e9nal<\/em>, lui, pense que les shows au Performance Center continueront jusqu&rsquo;en 2021:<\/p>\n\n\n\n<blockquote class=\"wp-block-quote is-layout-flow wp-block-quote-is-layout-flow\"><p>&lt;&lt; Si j&rsquo;\u00e9tais un joueur, je parierais qu&rsquo;on fera rien \u00e0 l&rsquo;ext\u00e9rieur du Performance Center jusqu&rsquo;en 2021. Je peux me tromper, j&rsquo;esp\u00e8re me tromper, mais simplement en se basant sur la fa\u00e7on dont tout se d\u00e9roule, \u00e7a me surprendra si on fait quelque chose \u00e0 l&rsquo;ext\u00e9rieur du Performance Center d&rsquo;ici 2021. >><\/p><\/blockquote>\n\n\n\n<p>En attendant le retour des shows avec les fans,\u00a0la WWE pr\u00e9voit d\u00e9j\u00e0 de grosses surprises\u00a0lorsque ce jour arrivera, telles que le retour de Brock Lesnar ou encore une c\u00e9l\u00e9bration de Stone Cold Steve Austin.<\/p>\n\n\n\n<p>Il ne serait pas exclus de voir de vrais fans au Perfomance Center et au Full Sail Arena derri\u00e8re les plexiglas et avec des masques pour la rentrer de la nouvelle saison fin septembre d\u00e9but octobre mais aucune information n&rsquo;a encore coul\u00e9e. <\/p>\n\n\n\n<center><blockquote class=\"twitter-tweet\"><p lang=\"en\" dir=\"ltr\">AJ Styles on the rumours that Summerslam might be outside of the PC: &quot;If I&#39;m a betting man, I bet that we don&#39;t do anything until 2021 outside of the Performance Center&quot;<br><br>Shit. <a href=\"https:\/\/t.co\/MrYLEt015l\">pic.twitter.com\/MrYLEt015l<\/a><\/p>&mdash; IBeast (@x_Beast17_x) <a href=\"https:\/\/twitter.com\/x_Beast17_x\/status\/1288687202722078720?ref_src=twsrc%5Etfw\">July 30, 2020<\/a><\/blockquote> <script async src=\"https:\/\/platform.twitter.com\/widgets.js\" charset=\"utf-8\"><\/script><\/center>\n<p><\/p>","protected":false},"excerpt":{"rendered":"<p>A moins d&rsquo;\u00eatre sur mars, vous savez que depuis le mois de mars, la WWE produit ses shows soit en direct ou enregistr\u00e9 au Performance Center en raison de la pand\u00e9mie, et au Full Sail Arena pour NXT. La compagnie esp\u00e9rait pouvoir revenir dans les ar\u00e9nas avec des fans pour SummerSlam, ce qui n&rsquo;aura pas&#8230;<\/p>\n","protected":false},"author":4,"featured_media":33205,"comment_status":"open","ping_status":"closed","sticky":false,"template":"","format":"standard","meta":{"footnotes":""},"categories":[4,53,23],"tags":[],"ppma_author":[292],"class_list":["post-33204","post","type-post","status-publish","format-standard","has-post-thumbnail","hentry","category-news","category-summerslam","category-wwe"],"authors":[{"term_id":292,"user_id":4,"is_guest":0,"slug":"jean","display_name":"Jean Vinnier","avatar_url":"https:\/\/secure.gravatar.com\/avatar\/33aba0263fd870a0b487e0e079ff407e10e3997c9d2987cbcc0db0db2c5c75a9?s=96&d=mm&r=g","0":null,"1":"","2":"","3":"","4":"","5":"","6":"","7":"","8":""}],"_links":{"self":[{"href":"https:\/\/www.jdx.info\/lutte\/wp-json\/wp\/v2\/posts\/33204","targetHints":{"allow":["GET"]}}],"collection":[{"href":"https:\/\/www.jdx.info\/lutte\/wp-json\/wp\/v2\/posts"}],"about":[{"href":"https:\/\/www.jdx.info\/lutte\/wp-json\/wp\/v2\/types\/post"}],"author":[{"embeddable":true,"href":"https:\/\/www.jdx.info\/lutte\/wp-json\/wp\/v2\/users\/4"}],"replies":[{"embeddable":true,"href":"https:\/\/www.jdx.info\/lutte\/wp-json\/wp\/v2\/comments?post=33204"}],"version-history":[{"count":1,"href":"https:\/\/www.jdx.info\/lutte\/wp-json\/wp\/v2\/posts\/33204\/revisions"}],"predecessor-version":[{"id":33206,"href":"https:\/\/www.jdx.info\/lutte\/wp-json\/wp\/v2\/posts\/33204\/revisions\/33206"}],"wp:featuredmedia":[{"embeddable":true,"href":"https:\/\/www.jdx.info\/lutte\/wp-json\/wp\/v2\/media\/33205"}],"wp:attachment":[{"href":"https:\/\/www.jdx.info\/lutte\/wp-json\/wp\/v2\/media?parent=33204"}],"wp:term":[{"taxonomy":"category","embeddable":true,"href":"https:\/\/www.jdx.info\/lutte\/wp-json\/wp\/v2\/categories?post=33204"},{"taxonomy":"post_tag","embeddable":true,"href":"https:\/\/www.jdx.info\/lutte\/wp-json\/wp\/v2\/tags?post=33204"},{"taxonomy":"author","embeddable":true,"href":"https:\/\/www.jdx.info\/lutte\/wp-json\/wp\/v2\/ppma_author?post=33204"}],"curies":[{"name":"wp","href":"https:\/\/api.w.org\/{rel}","templated":true}]}}