{"id":33054,"date":"2020-07-28T15:43:10","date_gmt":"2020-07-28T19:43:10","guid":{"rendered":"http:\/\/www.jdx.info\/lutte\/?p=33054"},"modified":"2020-08-06T16:05:53","modified_gmt":"2020-08-06T20:05:53","slug":"charlotte-flair-passe-sur-le-billard-ric-flair-commente-le-covid-19-de-sa-femme-et-plus","status":"publish","type":"post","link":"https:\/\/www.jdx.info\/lutte\/2020\/07\/28\/charlotte-flair-passe-sur-le-billard-ric-flair-commente-le-covid-19-de-sa-femme-et-plus\/","title":{"rendered":"Charlotte Flair Passe Sur Le Billard! Ric Flair Commente Le COVID-19 de sa Femme, Et Plus!"},"content":{"rendered":"\n<p>&#8211; Comme vous le savez, Charlotte Flair est absente depuis un mois. \u00c0 l&rsquo;\u00e9cran, elle s&rsquo;est fait attaquer par Nia Jax. En vrai, la 12 fois championne \u00e0 la WWE a voulu prendre une pause pour subir une op\u00e9ration, qu&rsquo;elle a pass\u00e9e avec succ\u00e8s selon les informations. Cette op\u00e9ration  est pour corriger une pr\u00e9c\u00e9dente chirurgie. L&rsquo;op\u00e9ration s&rsquo;est d\u00e9roul\u00e9e sans-souci selon notre source. <\/p>\n\n\n\n<p>Un retour avantr SummerSlam ne serait cependant pas pr\u00e9vu.&nbsp;Flair r\u00e9fl\u00e9chit sur les plusieurs r\u00f4les \u00e0 la t\u00e9l\u00e9vision qui lui ont \u00e9t\u00e9 propos\u00e9s. Malgr\u00e9 cette pause de la WWE, sa priorit\u00e9 reste ce divertissement sportif pour le moment. <\/p>\n\n\n\n<p>En parlant de Charlotte Flair,&nbsp;plusieurs personnes dans les coulisses de la WWE s&rsquo;attendent \u00e0 ce qu&rsquo;elle soit le prochain talent de la f\u00e9d\u00e9ration \u00e0 passer au niveau t\u00e9l\u00e9 et cin\u00e9ma. <\/p>\n\n\n\n<p>&#8211; Toujours chez les Flair, la semaine derni\u00e8re, on apprenait via le New York Post que la femme de Ric Flair,&nbsp;Wendy Barlow, avait \u00e9t\u00e9 test\u00e9e positive \u00e0 la COVID-19. Flair avait rapidement rassur\u00e9 tout le monde en pr\u00e9cisent que lui allait bien et les deux vivent \u00e0 des \u00e9tages s\u00e9par\u00e9s dans leur maison.<\/p>\n\n\n\n<p>Une infection qui par le fait m\u00eame avait forc\u00e9 le retrait de Ric Flair lors des \u00e9pisodes de RAW pour accompagner Randy Orton, dans son affrontement face au Big Show pour le combat non sanctionn\u00e9. Cette semaine, Flair \u00e9tait de passage au \u00a0\u00bbHall of Fame Podcast\u00a0\u00bb de Booker T et il a pr\u00e9cis\u00e9 que tout allait bien pour sa femme :<\/p>\n\n\n\n<blockquote class=\"wp-block-quote is-layout-flow wp-block-quote-is-layout-flow\"><p>\u00a0\u00bbElle va bien, beaucoup mieux. Pas \u00e0 100%, mais elle va beaucoup mieux. \u00c7a fait d\u00e9j\u00e0 trois semaines, mais c&rsquo;\u00e9tait un cauchemar. Soudainement le virus est arriv\u00e9 sur elle, et ensuite, tu essaies de penser d&rsquo;o\u00f9 \u00e7a peut venir. Elle \u00e9tait tr\u00e8s malade.\u00a0\u00bb<\/p><\/blockquote>\n\n\n\n<p>Ric Flair explique qu&rsquo;il a amen\u00e9 Wendy \u00e0 deux reprises \u00e0 l&rsquo;h\u00f4pital pour lui donner des solutions et m\u00e9dicaments par intraveineuse et pour s&rsquo;assurer qu&rsquo;elle allait bien. Tout va bien pour Wendy Barlow et Ric Flair, une excellente nouvelle !<br><\/p>\n\n\n\n<p><\/p>\n<p><\/p>","protected":false},"excerpt":{"rendered":"<p>&#8211; Comme vous le savez, Charlotte Flair est absente depuis un mois. \u00c0 l&rsquo;\u00e9cran, elle s&rsquo;est fait attaquer par Nia Jax. En vrai, la 12 fois championne \u00e0 la WWE a voulu prendre une pause pour subir une op\u00e9ration, qu&rsquo;elle a pass\u00e9e avec succ\u00e8s selon les informations. Cette op\u00e9ration est pour corriger une pr\u00e9c\u00e9dente chirurgie&#8230;.<\/p>\n","protected":false},"author":4,"featured_media":33055,"comment_status":"open","ping_status":"closed","sticky":false,"template":"","format":"standard","meta":{"footnotes":""},"categories":[30,4,23],"tags":[],"ppma_author":[292],"class_list":["post-33054","post","type-post","status-publish","format-standard","has-post-thumbnail","hentry","category-ex-wwe","category-news","category-wwe"],"authors":[{"term_id":292,"user_id":4,"is_guest":0,"slug":"jean","display_name":"Jean Vinnier","avatar_url":"https:\/\/secure.gravatar.com\/avatar\/33aba0263fd870a0b487e0e079ff407e10e3997c9d2987cbcc0db0db2c5c75a9?s=96&d=mm&r=g","0":null,"1":"","2":"","3":"","4":"","5":"","6":"","7":"","8":""}],"_links":{"self":[{"href":"https:\/\/www.jdx.info\/lutte\/wp-json\/wp\/v2\/posts\/33054","targetHints":{"allow":["GET"]}}],"collection":[{"href":"https:\/\/www.jdx.info\/lutte\/wp-json\/wp\/v2\/posts"}],"about":[{"href":"https:\/\/www.jdx.info\/lutte\/wp-json\/wp\/v2\/types\/post"}],"author":[{"embeddable":true,"href":"https:\/\/www.jdx.info\/lutte\/wp-json\/wp\/v2\/users\/4"}],"replies":[{"embeddable":true,"href":"https:\/\/www.jdx.info\/lutte\/wp-json\/wp\/v2\/comments?post=33054"}],"version-history":[{"count":2,"href":"https:\/\/www.jdx.info\/lutte\/wp-json\/wp\/v2\/posts\/33054\/revisions"}],"predecessor-version":[{"id":33741,"href":"https:\/\/www.jdx.info\/lutte\/wp-json\/wp\/v2\/posts\/33054\/revisions\/33741"}],"wp:featuredmedia":[{"embeddable":true,"href":"https:\/\/www.jdx.info\/lutte\/wp-json\/wp\/v2\/media\/33055"}],"wp:attachment":[{"href":"https:\/\/www.jdx.info\/lutte\/wp-json\/wp\/v2\/media?parent=33054"}],"wp:term":[{"taxonomy":"category","embeddable":true,"href":"https:\/\/www.jdx.info\/lutte\/wp-json\/wp\/v2\/categories?post=33054"},{"taxonomy":"post_tag","embeddable":true,"href":"https:\/\/www.jdx.info\/lutte\/wp-json\/wp\/v2\/tags?post=33054"},{"taxonomy":"author","embeddable":true,"href":"https:\/\/www.jdx.info\/lutte\/wp-json\/wp\/v2\/ppma_author?post=33054"}],"curies":[{"name":"wp","href":"https:\/\/api.w.org\/{rel}","templated":true}]}}