{"id":32989,"date":"2020-07-28T14:08:58","date_gmt":"2020-07-28T18:08:58","guid":{"rendered":"http:\/\/www.jdx.info\/lutte\/?p=32989"},"modified":"2020-07-28T14:09:01","modified_gmt":"2020-07-28T18:09:01","slug":"vince-mcmahon-parle-des-classements-televises-de-la-wwe-et-de-limpact-du-covid-19","status":"publish","type":"post","link":"https:\/\/www.jdx.info\/lutte\/2020\/07\/28\/vince-mcmahon-parle-des-classements-televises-de-la-wwe-et-de-limpact-du-covid-19\/","title":{"rendered":"Vince McMahon parle des classements t\u00e9l\u00e9vis\u00e9s de la WWE et de l&rsquo;impact du COVID-19"},"content":{"rendered":"\n<p>Le pr\u00e9sident de la WWE, Vince McMahon, semble optimiste quant \u00e0 la capacit\u00e9 de la WWE \u00e0 am\u00e9liorer les cotes de t\u00e9l\u00e9vision, malgr\u00e9 l&rsquo;impact n\u00e9gatif du COVID-19.<\/p>\n\n\n\n<p>Lors de la r\u00e9union annuelle des actionnaires de la WWE le 16 juillet, un investisseur a pos\u00e9 des questions sur la baisse continue des cotes de t\u00e9l\u00e9vision de la WWE et sur la mani\u00e8re dont la direction pr\u00e9voit d\u2019am\u00e9liorer ces cotes \u00e0 long terme. Vince a r\u00e9pondu \u00e0 la question et a vant\u00e9 le bilan impressionnant de la WWE.<\/p>\n\n\n\n<blockquote class=\"wp-block-quote is-layout-flow wp-block-quote-is-layout-flow\"><p>Nous avons une exp\u00e9rience de plus de trente ans dans la cr\u00e9ation de personnages convaincants et l&rsquo;engagement d&rsquo;un public vari\u00e9. Nous restons \u00e9videmment convaincus que nous pouvons continuer cela avec notre capacit\u00e9 collective. M\u00eame dans les environnements les plus difficiles sans public en direct. L&rsquo;\u00e9cosyst\u00e8me m\u00e9diatique a \u00e9videmment chang\u00e9 et nous \u00e9voluons avec lui, a d\u00e9clar\u00e9 Vince. <\/p><p>Nos mesures d&rsquo;engagement sur les plates-formes sont compr\u00e9hensibles, et \u00e9videmment, cependant, l&rsquo;importance de la programmation lin\u00e9aire est primordiale dans toutes nos activit\u00e9s. Nous avons constamment constat\u00e9 des augmentations d&rsquo;une ann\u00e9e \u00e0 l&rsquo;autre de diverses mesures num\u00e9riques et de l&rsquo;engagement, et les tendances positives se sont poursuivies, m\u00eame pendant le COVID. <\/p><\/blockquote>\n\n\n\n<p>Vince a poursuivi et a not\u00e9 comment, malgr\u00e9 le manque d&rsquo;audience de la t\u00e9l\u00e9vision en direct pendant l&rsquo;\u00e8re COVID-19, RAW est rest\u00e9 l&rsquo;\u00e9mission n \u00b0 1 sur le r\u00e9seau am\u00e9ricain et SmackDown a occup\u00e9 les premi\u00e8res places parmi les donn\u00e9es d\u00e9mographiques cl\u00e9s.<\/p>\n\n\n\n<blockquote class=\"wp-block-quote is-layout-flow wp-block-quote-is-layout-flow\"><p>\u00c0 l&rsquo;inverse, les tendances de l&rsquo;audience de la t\u00e9l\u00e9vision ont \u00e9t\u00e9 affect\u00e9es n\u00e9gativement par le COVID, \u00e9videmment, et notez le manque d&rsquo;audience en direct. Nous sommes toujours la premi\u00e8re \u00e9mission de t\u00e9l\u00e9vision sur USA [Network] et syst\u00e9matiquement la premi\u00e8re \u00e9mission diffus\u00e9e le vendredi parmi les d\u00e9mos cl\u00e9s.<\/p><p>Nous nous attendons \u00e0 une combinaison d&rsquo;un inventaire promotionnel pr\u00e9cieux de la part de nos partenaires TV avec le retour de la programmation d&rsquo;\u00e9v\u00e9nements sportifs. Un roster complet de talents charismatiques aura un impact positif sur l&rsquo;audience \u00e0 long terme.<\/p><\/blockquote>\n<p><\/p>","protected":false},"excerpt":{"rendered":"<p>Le pr\u00e9sident de la WWE, Vince McMahon, semble optimiste quant \u00e0 la capacit\u00e9 de la WWE \u00e0 am\u00e9liorer les cotes de t\u00e9l\u00e9vision, malgr\u00e9 l&rsquo;impact n\u00e9gatif du COVID-19. Lors de la r\u00e9union annuelle des actionnaires de la WWE le 16 juillet, un investisseur a pos\u00e9 des questions sur la baisse continue des cotes de t\u00e9l\u00e9vision de&#8230;<\/p>\n","protected":false},"author":665,"featured_media":33050,"comment_status":"open","ping_status":"closed","sticky":false,"template":"","format":"standard","meta":{"footnotes":""},"categories":[4],"tags":[],"ppma_author":[289],"class_list":["post-32989","post","type-post","status-publish","format-standard","has-post-thumbnail","hentry","category-news"],"authors":[{"term_id":289,"user_id":665,"is_guest":0,"slug":"line","display_name":"Line Edmond","avatar_url":"https:\/\/secure.gravatar.com\/avatar\/852de09636413c90cdaa278312f9ea5bc4396768745424755cb63d99a05989d0?s=96&d=mm&r=g","0":null,"1":"","2":"","3":"","4":"","5":"","6":"","7":"","8":""}],"_links":{"self":[{"href":"https:\/\/www.jdx.info\/lutte\/wp-json\/wp\/v2\/posts\/32989","targetHints":{"allow":["GET"]}}],"collection":[{"href":"https:\/\/www.jdx.info\/lutte\/wp-json\/wp\/v2\/posts"}],"about":[{"href":"https:\/\/www.jdx.info\/lutte\/wp-json\/wp\/v2\/types\/post"}],"author":[{"embeddable":true,"href":"https:\/\/www.jdx.info\/lutte\/wp-json\/wp\/v2\/users\/665"}],"replies":[{"embeddable":true,"href":"https:\/\/www.jdx.info\/lutte\/wp-json\/wp\/v2\/comments?post=32989"}],"version-history":[{"count":2,"href":"https:\/\/www.jdx.info\/lutte\/wp-json\/wp\/v2\/posts\/32989\/revisions"}],"predecessor-version":[{"id":33051,"href":"https:\/\/www.jdx.info\/lutte\/wp-json\/wp\/v2\/posts\/32989\/revisions\/33051"}],"wp:featuredmedia":[{"embeddable":true,"href":"https:\/\/www.jdx.info\/lutte\/wp-json\/wp\/v2\/media\/33050"}],"wp:attachment":[{"href":"https:\/\/www.jdx.info\/lutte\/wp-json\/wp\/v2\/media?parent=32989"}],"wp:term":[{"taxonomy":"category","embeddable":true,"href":"https:\/\/www.jdx.info\/lutte\/wp-json\/wp\/v2\/categories?post=32989"},{"taxonomy":"post_tag","embeddable":true,"href":"https:\/\/www.jdx.info\/lutte\/wp-json\/wp\/v2\/tags?post=32989"},{"taxonomy":"author","embeddable":true,"href":"https:\/\/www.jdx.info\/lutte\/wp-json\/wp\/v2\/ppma_author?post=32989"}],"curies":[{"name":"wp","href":"https:\/\/api.w.org\/{rel}","templated":true}]}}