{"id":32910,"date":"2020-07-27T15:23:00","date_gmt":"2020-07-27T19:23:00","guid":{"rendered":"http:\/\/www.jdx.info\/lutte\/?p=32910"},"modified":"2020-07-27T15:23:37","modified_gmt":"2020-07-27T19:23:37","slug":"aj-styles-nira-pas-au-hall-of-fame-dimpact-wrestling-pas-tant-quil-est-actif","status":"publish","type":"post","link":"https:\/\/www.jdx.info\/lutte\/2020\/07\/27\/aj-styles-nira-pas-au-hall-of-fame-dimpact-wrestling-pas-tant-quil-est-actif\/","title":{"rendered":"Aj Styles N&rsquo;ira Pas Au Hall Of Fame d&rsquo;Impact Wrestling! Pas Tant Qu&rsquo;il Est Actif!"},"content":{"rendered":"\n<p>La nouvelle g\u00e9n\u00e9ration de fan de catch connaissent Aj Styles pour ses matchs \u00e0 la WWE alors qu&rsquo;il arrivait de la NJPW avec ses amis Gallows et Anderson. Mais pour les moins jeunes, ils connaissent ses d\u00e9buts et sa mont\u00e9 \u00e0 la TNA au d\u00e9but des ann\u00e9es 2000 \u00e0 <\/p>\n\n\n\n<p>Cette semaine, sur sa cha\u00eene Twitch, AJ Styles a expliqu\u00e9 qu&rsquo;il avait d\u00e9j\u00e0 re\u00e7u une offre pour rejoindre le Hall of Fame d&rsquo;Impact Wrestling. Une offre qu&rsquo;il a refus\u00e9e comme il \u00e9tait sous contrat avec la ROH et la NJPW, et qu&rsquo;il est toujours un catcheur actif :<\/p>\n\n\n\n<blockquote class=\"wp-block-quote is-layout-flow wp-block-quote-is-layout-flow\"><p>\u00a0\u00bb\u00c7a m&rsquo;a \u00e9t\u00e9 offert, mais je travaillais pour la ROH et la NJPW \u00e0 ce moment et j&rsquo;ai dit que je n&rsquo;allais pas le faire. Je ne vais pas aller \u00e0 un show de la TNA pendant que je travaille pour quelqu&rsquo;un d&rsquo;autre, je ne pense pas que c&rsquo;\u00e9tait juste et je catchais toujours. Je pense que c&rsquo;est \u00e9trange quand les gens catchent toujours et qu&rsquo;on les met dans le Hall of Fame. Il faut attendre qu&rsquo;il soit \u00e0 la retraite. Aussi longtemps que je vais travailler pour la WWE, je ne le ferai pas. Je ne dis pas que je ne le ferai jamais, mais si je travaille pour une autre compagnie, la r\u00e9ponse est non.\u00a0\u00bb<\/p><\/blockquote>\n\n\n\n<p>On se souviendra que la WWE avait donn\u00e9e la permission \u00e0 Christian, de \u00ab\u00a0Cross The Line\u00a0\u00bb pour un soir en 2012 lors de Slammiversay pour recevoir cet honneur de la TNA alors qu&rsquo;il \u00e9tait en plus champion Intercontinental de la WWE. Il ne s&rsquo;\u00e9tait toute fois pas pr\u00e9sent\u00e9 l\u00e0 bas avec la ceinture. <\/p>\n\n\n\n<p>\u00c0 l&rsquo;\u00e2ge de 43 ans, le Phenomenal a encore bonnes ann\u00e9es \u00e0 la carri\u00e8re \u00e0 offrir, deux ans de contrats au minimum. Lorsque sa retraite viendra, on peut \u00eatre rassur\u00e9 qu&rsquo;il recevra un nouvel appel d&rsquo;Impact Wrestling pour une place dans leur Hall of Fame. Celui de la WWE l&rsquo;attend assur\u00e9ment m\u00eame s&rsquo;il a pass\u00e9 sa plus grande partie ailleurs, lui qui est arriv\u00e9 et a \u00e9t\u00e9 un pli\u00e9 de la compagnie d\u00e8s le d\u00e9part.<\/p>\n\n\n\n<p class=\"has-medium-font-size\"><a href=\"https:\/\/www.jdx.info\/lutte\/2020\/07\/26\/aj-styles-devoile-ceux-qui-sont-coupable-davoir-tue-tna-sa-relation-avec-vince-russo-et-plus\/\"><strong>Pour d&rsquo;autres d\u00e9tails donn\u00e9s par Aj sur la TNA et Dixie Carter, cliquez ici.<\/strong><\/a><\/p>\n<p><\/p>","protected":false},"excerpt":{"rendered":"<p>La nouvelle g\u00e9n\u00e9ration de fan de catch connaissent Aj Styles pour ses matchs \u00e0 la WWE alors qu&rsquo;il arrivait de la NJPW avec ses amis Gallows et Anderson. Mais pour les moins jeunes, ils connaissent ses d\u00e9buts et sa mont\u00e9 \u00e0 la TNA au d\u00e9but des ann\u00e9es 2000 \u00e0 Cette semaine, sur sa cha\u00eene Twitch,&#8230;<\/p>\n","protected":false},"author":4,"featured_media":32916,"comment_status":"open","ping_status":"closed","sticky":false,"template":"","format":"standard","meta":{"footnotes":""},"categories":[4,41,23],"tags":[],"ppma_author":[292],"class_list":["post-32910","post","type-post","status-publish","format-standard","has-post-thumbnail","hentry","category-news","category-tna-impact","category-wwe"],"authors":[{"term_id":292,"user_id":4,"is_guest":0,"slug":"jean","display_name":"Jean Vinnier","avatar_url":"https:\/\/secure.gravatar.com\/avatar\/33aba0263fd870a0b487e0e079ff407e10e3997c9d2987cbcc0db0db2c5c75a9?s=96&d=mm&r=g","0":null,"1":"","2":"","3":"","4":"","5":"","6":"","7":"","8":""}],"_links":{"self":[{"href":"https:\/\/www.jdx.info\/lutte\/wp-json\/wp\/v2\/posts\/32910","targetHints":{"allow":["GET"]}}],"collection":[{"href":"https:\/\/www.jdx.info\/lutte\/wp-json\/wp\/v2\/posts"}],"about":[{"href":"https:\/\/www.jdx.info\/lutte\/wp-json\/wp\/v2\/types\/post"}],"author":[{"embeddable":true,"href":"https:\/\/www.jdx.info\/lutte\/wp-json\/wp\/v2\/users\/4"}],"replies":[{"embeddable":true,"href":"https:\/\/www.jdx.info\/lutte\/wp-json\/wp\/v2\/comments?post=32910"}],"version-history":[{"count":2,"href":"https:\/\/www.jdx.info\/lutte\/wp-json\/wp\/v2\/posts\/32910\/revisions"}],"predecessor-version":[{"id":32919,"href":"https:\/\/www.jdx.info\/lutte\/wp-json\/wp\/v2\/posts\/32910\/revisions\/32919"}],"wp:featuredmedia":[{"embeddable":true,"href":"https:\/\/www.jdx.info\/lutte\/wp-json\/wp\/v2\/media\/32916"}],"wp:attachment":[{"href":"https:\/\/www.jdx.info\/lutte\/wp-json\/wp\/v2\/media?parent=32910"}],"wp:term":[{"taxonomy":"category","embeddable":true,"href":"https:\/\/www.jdx.info\/lutte\/wp-json\/wp\/v2\/categories?post=32910"},{"taxonomy":"post_tag","embeddable":true,"href":"https:\/\/www.jdx.info\/lutte\/wp-json\/wp\/v2\/tags?post=32910"},{"taxonomy":"author","embeddable":true,"href":"https:\/\/www.jdx.info\/lutte\/wp-json\/wp\/v2\/ppma_author?post=32910"}],"curies":[{"name":"wp","href":"https:\/\/api.w.org\/{rel}","templated":true}]}}