{"id":31883,"date":"2020-07-15T15:24:53","date_gmt":"2020-07-15T19:24:53","guid":{"rendered":"http:\/\/www.jdx.info\/lutte\/?p=31883"},"modified":"2020-07-16T17:17:02","modified_gmt":"2020-07-16T21:17:02","slug":"tony-khan-parle-success-of-fyter-fest-sur-la-suspension-de-jimmy-havoc-et-sammy-guevara-fight-for-the-fallen-et-plus","status":"publish","type":"post","link":"https:\/\/www.jdx.info\/lutte\/2020\/07\/15\/tony-khan-parle-success-of-fyter-fest-sur-la-suspension-de-jimmy-havoc-et-sammy-guevara-fight-for-the-fallen-et-plus\/","title":{"rendered":"Tony Khan parle de Succ\u00e8s du AEW Fyter Fest, De la suspension de Jimmy Havoc et Sammy Guevara, Fight for the Fallen et plus!"},"content":{"rendered":"\n<p>Le pr\u00e9sident d&rsquo;AEW, Tony Khan, s&rsquo;est r\u00e9cemment entretenu avec le New York Post pour parler de tout ce qui touche \u00e0 la lutte. Les points saillants de l&rsquo;entrevue :<\/p>\n\n\n\n<p>Sur la suspension de Jimmy Havoc et Sammy Guevara:<\/p>\n\n\n\n<blockquote class=\"wp-block-quote is-layout-flow wp-block-quote-is-layout-flow\"><p>Je les ai suspendus tous les deux. Des situations tr\u00e8s diff\u00e9rentes. J&rsquo;avais juste besoin d&rsquo;aborder les deux. Nous nous attaquons aux deux. Je pense que Jimmy avait vraiment besoin de conseils. Si et quand il devait de nouveau lutter, la chose la plus importante pour lui-m\u00eame et pour tout le monde ici est qu&rsquo;il cherchait un traitement et des conseils. Quand il a demand\u00e9 cette aide, nous allons l&rsquo;aider.<\/p><\/blockquote>\n\n\n\n<blockquote class=\"wp-block-quote is-layout-flow wp-block-quote-is-layout-flow\"><p>Avec Sammy, je pense que la bonne chose \u00e0 faire \u00e9tait de le suspendre. Les commentaires qu&rsquo;il a faits \u00e9taient horribles. Je ne peux pas les d\u00e9fendre. Je ne peux m\u00eame pas les commenter car ils sont indiciblement mauvais. Il a \u00e9galement fait un type de conseil diff\u00e9rent et il est dans un type de conseil diff\u00e9rent et c&rsquo;est un type de coaching diff\u00e9rent. Tout le monde ici, hommes et femmes, de haut en bas de la liste avec laquelle nous avons parl\u00e9, avaient l&rsquo;impression que Sammy n&rsquo;avait pas d&rsquo;ant\u00e9c\u00e9dents de ce genre de comportement. Vraiment, les gens \u00e9taient choqu\u00e9s que Sammy ait dit cela. C&rsquo;est certainement un vieux clip. Je pense que la vid\u00e9o avait quatre ans. Je n&rsquo;avais jamais vu cette vid\u00e9o et c&rsquo;est quelque chose que j&rsquo;aurais abord\u00e9 avec lui avant que Sammy ne commence ici. Je n&rsquo;ai jamais eu l&rsquo;occasion d&rsquo;en parler parce que je ne savais pas que cela existait et que personne d&rsquo;autre ou s&rsquo;ils ne l&rsquo;ont fait personne ne nous l&rsquo;a dit. Pour les deux, nous devions vraiment nous attaquer \u00e0 la situation avant de parler de ce qu&rsquo;il faudrait faire \u00e0 l&rsquo;avenir.<\/p><\/blockquote>\n\n\n\n<blockquote class=\"wp-block-quote is-layout-flow wp-block-quote-is-layout-flow\"><p>Je ne voulais pas me pr\u00e9cipiter pour prendre une d\u00e9cision sur l\u2019une ou l\u2019autre personne\u00e9 J\u2019ai eu l\u2019impression que jusqu\u2019\u00e0 ce que tous les faits soient suspendus, c\u2019\u00e9tait la bonne chose \u00e0 faire. Ensuite, je pourrais prendre la bonne d\u00e9cision. Je savais que la bonne d\u00e9cision n\u2019\u00e9tait pas que ces gars viennent simplement \u00e0 la t\u00e9l\u00e9vision et ne se penchent pas sur ces trucs.<\/p><\/blockquote>\n\n\n\n<p>Sur le match de championnat TNT entre Cody Rhodes et Sonny Kiss:<\/p>\n\n\n\n<blockquote class=\"wp-block-quote is-layout-flow wp-block-quote-is-layout-flow\"><p>C\u2019est un match important pour Sonny. Le challenge ouvert TNT s&rsquo;adresse aux personnes \u00e0 l&rsquo;int\u00e9rieur comme \u00e0 l&rsquo;ext\u00e9rieur de l&rsquo;entreprise, pour \u00eatre l&rsquo;occasion de mettre en valeur des personnes qui n&rsquo;ont pas forc\u00e9ment eu cette chance. Nous avons d\u00e9j\u00e0 vu le d\u00e9fi ouvert gagner \u00e0 quelqu&rsquo;un (Ricky Starks) un contrat, ce qui est tr\u00e8s cool. Ce n&rsquo;est pas parce que Sonny gagne d\u00e9j\u00e0 un ch\u00e8que de paie que Sonny ne pourrait pas devenir une star plus grande et plus visible. Je pense que Sonny au cours des derniers mois s&rsquo;est vraiment d\u00e9velopp\u00e9.<\/p><\/blockquote>\n\n\n\n<p>\u00catre excit\u00e9 pour Jon Moxley face \u00e0 Brian Cage:<\/p>\n\n\n\n<blockquote class=\"wp-block-quote is-layout-flow wp-block-quote-is-layout-flow\"><p>Il y a deux ans \u00e0 cette \u00e9poque, Brian Cage, je dirais qu&rsquo;en dehors du groupe qui \u00e9tait alors membre du Bullet Club &#8211; vous pourriez l&rsquo;appeler Elite \u00e9largi &#8211; en dehors de ce groupe de gars. Je dirais que Brian Cage \u00e9tait l&rsquo;un de mes monteurs Rushmore. Je voulais vraiment me connecter \u00e0 AEW il y a deux ans lorsque j&rsquo;ai commenc\u00e9 \u00e0 \u00e9laborer ce plan. J&rsquo;aime la combinaison de physique de Brian, il ressemble \u00e9videmment \u00e0 un lutteur professionnel bestial et c&rsquo;est une personne puissante, \u00e9norme et dominante et aussi un grand athl\u00e8te. Brian a un jeu de mouvements comme, il est quelque chose d&rsquo;un jeu vid\u00e9o que vous ne voyez pas vraiment tr\u00e8s souvent, voire jamais. Quelqu&rsquo;un qui ressemble \u00e0 Brian et qui a de l&rsquo;athl\u00e9tisme et qui peut non seulement effectuer une vari\u00e9t\u00e9 de mouvements de puissance sur le ring, mais aussi quelque chose d&rsquo;un haut vol. Ce qui est assez \u00e9tonnant \u00e0 voir pour un gars de sa taille. Brian a vraiment beaucoup de charisme personnellement. Je pense \u00e9galement que Taz ajoute beaucoup \u00e0 la pr\u00e9sentation car Taz est l&rsquo;une des grandes promotions de tous les temps. Je pense qu&rsquo;il y a une r\u00e9elle synergie entre eux. Ils ont fi\u00e8re allure ensemble.<\/p><p><\/p><\/blockquote>\n\n\n\n<center><center><p><script async=\"\" src=\"https:\/\/pagead2.googlesyndication.com\/pagead\/js\/adsbygoogle.js\"><\/script>\n<ins class=\"adsbygoogle\" style=\"display:block; text-align:center;\" data-ad-layout=\"in-article\" data-ad-format=\"fluid\" data-ad-client=\"ca-pub-1986975368136072\" data-ad-slot=\"7818521013\"><\/ins>\n<script>\n     (adsbygoogle = window.adsbygoogle || []).push({});\n<\/script><\/p><\/center><\/center>\n\n\n\n\n<p>\u00c0 propos de la victoire des audiences dans les guerres du mercredi soir:<\/p>\n\n\n\n<blockquote class=\"wp-block-quote is-layout-flow wp-block-quote-is-layout-flow\"><p>Dans les 48 heures, je parle \u00e0 tous les hauts dirigeants de TNT chaque semaine apr\u00e8s le spectacle et nous les mesurons g\u00e9n\u00e9ralement en fonction des performances de 18 \u00e0 49 ans. C&rsquo;est comme \u00e7a depuis avant le d\u00e9but. C\u2019est ce qui nous a \u00e9t\u00e9 dit, c\u2019est la chose vraiment importante sur laquelle se concentrer. Mais il existe d&rsquo;autres facteurs de croissance. \u00c9videmment, vous voulez voir le nombre total de t\u00e9l\u00e9spectateurs,  il est vraiment important de former de jeunes t\u00e9l\u00e9spectateurs de moins de 18 ans. Je n&rsquo;ai pas abord\u00e9 ce sujet dans les tweets, mais nous avons fait une tr\u00e8s bonne croissance avec le public 12-18 qui sont les super fans de l&rsquo;avenir qui un jour, quand nous serons de retour \u00e0 de grands \u00e9v\u00e9nements en direct avec la vente de billets. Je pense que ces gens vont grandir et devenir de grands fans pour nous aussi. En ce moment, nous avons une base de fans vraiment fid\u00e8le. Ce n&rsquo;est pas l&rsquo;id\u00e9al qu&rsquo;ils ne puissent pas \u00eatre avec nous en direct chaque semaine, car ils font partie int\u00e9grante de l&rsquo;\u00e9mission. Ce que nous avons pour nous, c&rsquo;est ce grand public dans la d\u00e9mo. Trois des quatre derni\u00e8res semaines, nous avons \u00e9t\u00e9 l&rsquo;une des huit meilleures \u00e9missions sur le c\u00e2ble dans la nuit des 18-49 (le mercredi) et c&rsquo;est g\u00e9n\u00e9ralement ce que je juge. Quand on parle de performance de semaine en semaine, c&rsquo;est tout. Donc, quand je vois des gens dire que la note globale, qui a gagn\u00e9 et perdu, je ne suis pas s\u00fbr qu&rsquo;ils comprennent comment le jeu est r\u00e9ellement marqu\u00e9. C&rsquo;est ce que j&rsquo;expliquais, comment si rien d&rsquo;autre comment nous \u00e9valuons le succ\u00e8s en interne et ce n&rsquo;est pas moi qui a choisi ces chiffres. Bien que je puisse imaginer que les gens pensent que je choisis les num\u00e9ros de mani\u00e8re pratique, mais c&rsquo;est ce qu&rsquo;on m&rsquo;a dit. C&rsquo;est la chose importante que je n&rsquo;avais jamais \u00e9voqu\u00e9e auparavant parce que nous avons toujours tr\u00e8s bien r\u00e9ussi. Donc, quand je vois des gens essayer de peindre Fyter Fest comme si cela n\u2019avait pas r\u00e9ussi. Je me dis, c&rsquo;est tr\u00e8s r\u00e9ussi! Deux semaines cons\u00e9cutives, nous \u00e9tions l&rsquo;une des sept meilleures \u00e9missions sur le c\u00e2ble (dans la d\u00e9mo), diffusant des num\u00e9ros sur le r\u00e9seau et j&rsquo;\u00e9tais tr\u00e8s heureux et j&rsquo;aimerais maintenir.<\/p><\/blockquote>\n\n\n\n<p>Vouloir faire Chris Jericho contre Mike Tyson:<\/p>\n\n\n\n<blockquote class=\"wp-block-quote is-layout-flow wp-block-quote-is-layout-flow\"><p>J&rsquo;aime beaucoup Mike. Mike a fait un excellent travail sur Double of Nothing et je pense qu&rsquo;il y a eu beaucoup de publicit\u00e9 et le spectacle s&rsquo;est tr\u00e8s bien pass\u00e9. Je dois attribuer quelque chose \u00e0 la pr\u00e9sence de Mike l\u00e0-bas. Je pense vraiment au monde de Mike et je serais ravi de retrouver Mike. Il y a beaucoup de grands matches \u00e0 venir, mais si nous pouvions unir Mike et Chris et faire Tyson contre Jericho, je pense que ce serait g\u00e9nial.<\/p><\/blockquote>\n\n\n\n<p>Sur PAC:<\/p>\n\n\n\n<blockquote class=\"wp-block-quote is-layout-flow wp-block-quote-is-layout-flow\"><p>PAC me manque beaucoup. \u00c0 l&rsquo;heure actuelle, la fronti\u00e8re n&rsquo;est pas une excellente situation. Si je comprends bien, s&rsquo;il devait retourner en Angleterre, s&rsquo;il devait venir ici et qu&rsquo;il pouvait y entrer, faire une quarantaine apr\u00e8s le voyage. Il aurait \u00e9galement, quand il aurait essay\u00e9 de rentrer chez lui, il aurait une quarantaine de deux semaines pendant qu&rsquo;il ne puisse rien faire. Donc, cela ne semble pas \u00eatre une situation durable en ce moment parce que PAC vit en Angleterre, donc jusqu&rsquo;\u00e0 ce que le voyage soit durable et qu&rsquo;il puisse faire ce qu&rsquo;il faisait, qui est de venir ici et de rester et de faire quelques spectacles, puis de revenir \u00e0 L&rsquo;Angleterre et vraiment faire la navette \u00e0 travers l&rsquo;Atlantique. C&rsquo;est tr\u00e8s difficile en ce moment. Jusqu&rsquo;\u00e0 ce qu&rsquo;il devienne s\u00fbr de faire des allers-retours pour que PAC fasse ces voyages \u00e0 l&rsquo;\u00e9tranger, jusqu&rsquo;\u00e0 ce que la fronti\u00e8re soit vraiment pr\u00eate, je ne pense pas que nous puissions le pr\u00e9cipiter, m\u00eame si nous aimerions l&rsquo;avoir.<\/p><\/blockquote>\n\n\n\n<p><strong><a href=\"https:\/\/www.jdx.info\/lutte\/category\/resultats\/\" target=\"_blank\" rel=\"noreferrer noopener\" aria-label=\"Pour les r\u00e9sultats, voir ou revoir Fyter Fest, cliquez ici. (s\u2019ouvre dans un nouvel onglet)\">Pour les r\u00e9sultats, voir ou revoir Fyter Fest, cliquez ici.<\/a><\/strong><\/p>\n\n\n\n<center><p><script async=\"\" src=\"https:\/\/pagead2.googlesyndication.com\/pagead\/js\/adsbygoogle.js\"><\/script>\n<ins class=\"adsbygoogle\" style=\"display:block; text-align:center;\" data-ad-layout=\"in-article\" data-ad-format=\"fluid\" data-ad-client=\"ca-pub-1986975368136072\" data-ad-slot=\"7818521013\"><\/ins>\n<script>\n     (adsbygoogle = window.adsbygoogle || []).push({});\n<\/script><\/p><\/center>\n\n<p><\/p>","protected":false},"excerpt":{"rendered":"<p>Le pr\u00e9sident d&rsquo;AEW, Tony Khan, s&rsquo;est r\u00e9cemment entretenu avec le New York Post pour parler de tout ce qui touche \u00e0 la lutte. Les points saillants de l&rsquo;entrevue : Sur la suspension de Jimmy Havoc et Sammy Guevara: Je les ai suspendus tous les deux. Des situations tr\u00e8s diff\u00e9rentes. J&rsquo;avais juste besoin d&rsquo;aborder les deux&#8230;.<\/p>\n","protected":false},"author":665,"featured_media":31924,"comment_status":"open","ping_status":"closed","sticky":false,"template":"","format":"standard","meta":{"footnotes":""},"categories":[38,24,4],"tags":[],"ppma_author":[289],"class_list":["post-31883","post","type-post","status-publish","format-standard","has-post-thumbnail","hentry","category-aew","category-aew-impact-njpw-roh","category-news"],"authors":[{"term_id":289,"user_id":665,"is_guest":0,"slug":"line","display_name":"Line Edmond","avatar_url":"https:\/\/secure.gravatar.com\/avatar\/852de09636413c90cdaa278312f9ea5bc4396768745424755cb63d99a05989d0?s=96&d=mm&r=g","0":null,"1":"","2":"","3":"","4":"","5":"","6":"","7":"","8":""}],"_links":{"self":[{"href":"https:\/\/www.jdx.info\/lutte\/wp-json\/wp\/v2\/posts\/31883","targetHints":{"allow":["GET"]}}],"collection":[{"href":"https:\/\/www.jdx.info\/lutte\/wp-json\/wp\/v2\/posts"}],"about":[{"href":"https:\/\/www.jdx.info\/lutte\/wp-json\/wp\/v2\/types\/post"}],"author":[{"embeddable":true,"href":"https:\/\/www.jdx.info\/lutte\/wp-json\/wp\/v2\/users\/665"}],"replies":[{"embeddable":true,"href":"https:\/\/www.jdx.info\/lutte\/wp-json\/wp\/v2\/comments?post=31883"}],"version-history":[{"count":5,"href":"https:\/\/www.jdx.info\/lutte\/wp-json\/wp\/v2\/posts\/31883\/revisions"}],"predecessor-version":[{"id":31989,"href":"https:\/\/www.jdx.info\/lutte\/wp-json\/wp\/v2\/posts\/31883\/revisions\/31989"}],"wp:featuredmedia":[{"embeddable":true,"href":"https:\/\/www.jdx.info\/lutte\/wp-json\/wp\/v2\/media\/31924"}],"wp:attachment":[{"href":"https:\/\/www.jdx.info\/lutte\/wp-json\/wp\/v2\/media?parent=31883"}],"wp:term":[{"taxonomy":"category","embeddable":true,"href":"https:\/\/www.jdx.info\/lutte\/wp-json\/wp\/v2\/categories?post=31883"},{"taxonomy":"post_tag","embeddable":true,"href":"https:\/\/www.jdx.info\/lutte\/wp-json\/wp\/v2\/tags?post=31883"},{"taxonomy":"author","embeddable":true,"href":"https:\/\/www.jdx.info\/lutte\/wp-json\/wp\/v2\/ppma_author?post=31883"}],"curies":[{"name":"wp","href":"https:\/\/api.w.org\/{rel}","templated":true}]}}