{"id":31879,"date":"2020-07-15T15:13:45","date_gmt":"2020-07-15T19:13:45","guid":{"rendered":"http:\/\/www.jdx.info\/lutte\/?p=31879"},"modified":"2020-07-15T15:13:49","modified_gmt":"2020-07-15T19:13:49","slug":"charlotte-flair-aurait-travaille-avec-une-grande-chaine-sur-son-projet-televise","status":"publish","type":"post","link":"https:\/\/www.jdx.info\/lutte\/2020\/07\/15\/charlotte-flair-aurait-travaille-avec-une-grande-chaine-sur-son-projet-televise\/","title":{"rendered":"Charlotte Flair aurait travaill\u00e9 avec une grande chaine sur son projet t\u00e9l\u00e9vis\u00e9!"},"content":{"rendered":"\n<p>Charlotte Flair travaillerait avec une grande chaine de t\u00e9l\u00e9vision sur son nouveau projet.<\/p>\n\n\n\n<p>Flair travaille actuellement sur un projet TV non WWE. On pense que c&rsquo;\u00e9tait pour une sorte d&rsquo;\u00e9mission de t\u00e9l\u00e9-r\u00e9alit\u00e9 centr\u00e9e autour de Flair. Le mot est maintenant qu&rsquo;elle a une \u00e9mission de t\u00e9l\u00e9vision sc\u00e9naris\u00e9e en pr\u00e9paration.<\/p>\n\n\n\n<p>Il a \u00e9t\u00e9 rapport\u00e9 sur Twitter par Ryan Satin que le projet t\u00e9l\u00e9vis\u00e9 de Flair \u00e9tait une \u00ab\u00e9mission sc\u00e9naris\u00e9e avec un grand r\u00e9seau\u00bb.<\/p>\n\n\n\n<p>On ne sait pas encore quel sera le th\u00e8me de l&rsquo;\u00e9mission, ni sur quel r\u00e9seau elle sera diffus\u00e9e.<\/p>\n\n\n\n<p>Flair est actuellement hors des rings alors qu&rsquo;elle se pr\u00e9pare \u00e0 une chirurgie esth\u00e9tique pour r\u00e9soudre un probl\u00e8me de fuite d&rsquo;implant mammaire li\u00e9 \u00e0 une op\u00e9ration qu&rsquo;elle a effectu\u00e9e il y a quelque temps. Elle a r\u00e9cemment not\u00e9 sur Twitter que la chirurgie r\u00e9soudrait le probl\u00e8me \u00e0 long terme, mais la p\u00e9riode de r\u00e9cup\u00e9ration est un peu plus longue qu&rsquo;elle ne le souhaitait.<\/p>\n\n\n\n<p>On ne sait pas non plus si Flair sera de retour \u00e0 temps pour SummerSlam. Nous avons not\u00e9, via Wrestling Observer Radio, que la chirurgie et le projet t\u00e9l\u00e9vis\u00e9 jouaient tous les deux un r\u00f4le \u00e0 son retour. La WWE n&rsquo;a pas de date de retour pour Flair cette semaine. Il a \u00e9t\u00e9 signal\u00e9 que sa date de retour n&rsquo;\u00e9tait pas d\u00e9termin\u00e9e pour le moment. Les responsables de la WWE gardent probablement le retour de Flair secret, mais ils avaient esp\u00e9r\u00e9 qu&rsquo;elle serait pr\u00eate pour SummerSlam le 23 ao\u00fbt.<\/p>\n\n\n\n<p>En ce qui concerne le projet t\u00e9l\u00e9vis\u00e9 de Charlotte, le WWE Hall of Famer Ric Flair a d&rsquo;abord r\u00e9v\u00e9l\u00e9 les nouvelles lors d&rsquo;une r\u00e9cente apparition sur le podcast The Wrestling Inc Daily.<\/p>\n\n\n\n<blockquote class=\"wp-block-quote is-layout-flow wp-block-quote-is-layout-flow\"><p>\u00ab\u00a0Je sais qu&rsquo;elle a une s\u00e9rie t\u00e9l\u00e9vis\u00e9e qui la regarde et elle a des gens de fitness qui veulent travailler avec elle\u00a0\u00bb,  d\u00e9clare Ric. J&rsquo;esp\u00e8re qu&rsquo;elle prend autant de temps qu&rsquo;elle veut pour que toutes ces personnes qui peuvent remplir ses chaussures et le faire chaque soir aient l&rsquo;occasion et que Dieu b\u00e9nisse cette pens\u00e9e.<\/p><\/blockquote>\n<p><\/p>","protected":false},"excerpt":{"rendered":"<p>Charlotte Flair travaillerait avec une grande chaine de t\u00e9l\u00e9vision sur son nouveau projet. Flair travaille actuellement sur un projet TV non WWE. On pense que c&rsquo;\u00e9tait pour une sorte d&rsquo;\u00e9mission de t\u00e9l\u00e9-r\u00e9alit\u00e9 centr\u00e9e autour de Flair. Le mot est maintenant qu&rsquo;elle a une \u00e9mission de t\u00e9l\u00e9vision sc\u00e9naris\u00e9e en pr\u00e9paration. Il a \u00e9t\u00e9 rapport\u00e9 sur Twitter&#8230;<\/p>\n","protected":false},"author":665,"featured_media":31917,"comment_status":"open","ping_status":"closed","sticky":false,"template":"","format":"standard","meta":{"footnotes":""},"categories":[4,23],"tags":[],"ppma_author":[289],"class_list":["post-31879","post","type-post","status-publish","format-standard","has-post-thumbnail","hentry","category-news","category-wwe"],"authors":[{"term_id":289,"user_id":665,"is_guest":0,"slug":"line","display_name":"Line Edmond","avatar_url":"https:\/\/secure.gravatar.com\/avatar\/852de09636413c90cdaa278312f9ea5bc4396768745424755cb63d99a05989d0?s=96&d=mm&r=g","0":null,"1":"","2":"","3":"","4":"","5":"","6":"","7":"","8":""}],"_links":{"self":[{"href":"https:\/\/www.jdx.info\/lutte\/wp-json\/wp\/v2\/posts\/31879","targetHints":{"allow":["GET"]}}],"collection":[{"href":"https:\/\/www.jdx.info\/lutte\/wp-json\/wp\/v2\/posts"}],"about":[{"href":"https:\/\/www.jdx.info\/lutte\/wp-json\/wp\/v2\/types\/post"}],"author":[{"embeddable":true,"href":"https:\/\/www.jdx.info\/lutte\/wp-json\/wp\/v2\/users\/665"}],"replies":[{"embeddable":true,"href":"https:\/\/www.jdx.info\/lutte\/wp-json\/wp\/v2\/comments?post=31879"}],"version-history":[{"count":2,"href":"https:\/\/www.jdx.info\/lutte\/wp-json\/wp\/v2\/posts\/31879\/revisions"}],"predecessor-version":[{"id":31918,"href":"https:\/\/www.jdx.info\/lutte\/wp-json\/wp\/v2\/posts\/31879\/revisions\/31918"}],"wp:featuredmedia":[{"embeddable":true,"href":"https:\/\/www.jdx.info\/lutte\/wp-json\/wp\/v2\/media\/31917"}],"wp:attachment":[{"href":"https:\/\/www.jdx.info\/lutte\/wp-json\/wp\/v2\/media?parent=31879"}],"wp:term":[{"taxonomy":"category","embeddable":true,"href":"https:\/\/www.jdx.info\/lutte\/wp-json\/wp\/v2\/categories?post=31879"},{"taxonomy":"post_tag","embeddable":true,"href":"https:\/\/www.jdx.info\/lutte\/wp-json\/wp\/v2\/tags?post=31879"},{"taxonomy":"author","embeddable":true,"href":"https:\/\/www.jdx.info\/lutte\/wp-json\/wp\/v2\/ppma_author?post=31879"}],"curies":[{"name":"wp","href":"https:\/\/api.w.org\/{rel}","templated":true}]}}