{"id":31026,"date":"2020-07-03T13:59:34","date_gmt":"2020-07-03T17:59:34","guid":{"rendered":"http:\/\/www.jdx.info\/lutte\/?p=31026"},"modified":"2020-07-03T14:01:49","modified_gmt":"2020-07-03T18:01:49","slug":"une-lutteuse-japonaise-de-la-wwe-sur-le-point-de-quitter-la-compagnie-pour-un-retour-au-japon","status":"publish","type":"post","link":"https:\/\/www.jdx.info\/lutte\/2020\/07\/03\/une-lutteuse-japonaise-de-la-wwe-sur-le-point-de-quitter-la-compagnie-pour-un-retour-au-japon\/","title":{"rendered":"Une Lutteuse Japonaise De La WWE Sur Le Point De Quitter La Compagnie Pour Un Retour Au Japon!"},"content":{"rendered":"\n<p><strong>\u00a0Kairi Sane <\/strong> a \u00e9t\u00e9 sign\u00e9e par la WWE en 2017, et  aurait maintenant l&rsquo;intention de quitter la compagnie\u00a0d&rsquo;apr\u00e8s les informations que\u00a0Dave Meltzer\u00a0a obtenues. La SuperStar voudrait en effet retourner au Japon pour \u00eatre avec son mari, et la WWE serait au courant depuis au moins le mois mai. <\/p>\n\n\n\n<p>La f\u00e9d\u00e9ration avait alors pr\u00e9vu un segment de fin de carri\u00e8re, impact\u00e9 par la r\u00e9elle blessure de Sane subie lors d&rsquo;un \u00e9pisode de RAW, diffus\u00e9 le premier juin, apr\u00e8s avoir \u00e9t\u00e9 jet\u00e9e contre les escaliers pr\u00e8s du ring par Nia Jax.<\/p>\n\n\n\n<p>Nous apprenons que le plan original aurait du voir Kairi Sane se faire blesser gravement dans une storyline. L&rsquo;identit\u00e9 de cette catcheuse n&rsquo;est pas claire, il est dit que ce n&rsquo;\u00e9tait pas Nia Jax et que \u00e7a pouvait \u00eatre Charlotte Flair ou Shayna Baszler, dr\u00f4le de hasard quand m\u00eame que cela finisse de cette fa\u00e7on quand m\u00eame.\u00a0<\/p>\n\n\n\n<p>Sa partenaire Asuka devait alors affronter cette agresseur \u00e0 SummerSlam.\u00a0Toujours selon Meltzer. Kairi Sane est autoris\u00e9e \u00e0 participer aux enregistrements de RAW aujourd&rsquo;hui 3 juillet qui seront diffus\u00e9s les 6 et 13 juillet. Ce plan pourrait donc voir le jour, bien qu&rsquo;il soit \u00e0 noter que cette id\u00e9e venait de Paul Heyman lorsqu&rsquo;il \u00e9tait encore \u00e0 la t\u00eate de RAW, ce qui veut donc dire que Bruce Prichard pourrait en d\u00e9cider autrement de comment la japonaise serait effacer de la WWE.<\/p>\n\n\n\n<p>Kairi Sane pr\u00e9voit de faire un run d&rsquo;un an au Japon avant de prendre sa retraite du catch, une fois que son contrat avec la WWE prendra fin.<\/p>\n\n\n\n<p> Selon\u00a0une autre source, la f\u00e9d\u00e9ration voudrait garder la nippone pour qu&rsquo;elle devienne ambassadrice de la WWE au Japon.<\/p>\n\n\n<p><\/p>","protected":false},"excerpt":{"rendered":"<p>\u00a0Kairi Sane a \u00e9t\u00e9 sign\u00e9e par la WWE en 2017, et aurait maintenant l&rsquo;intention de quitter la compagnie\u00a0d&rsquo;apr\u00e8s les informations que\u00a0Dave Meltzer\u00a0a obtenues. La SuperStar voudrait en effet retourner au Japon pour \u00eatre avec son mari, et la WWE serait au courant depuis au moins le mois mai. La f\u00e9d\u00e9ration avait alors pr\u00e9vu un segment&#8230;<\/p>\n","protected":false},"author":609,"featured_media":31027,"comment_status":"open","ping_status":"closed","sticky":false,"template":"","format":"standard","meta":{"footnotes":""},"categories":[4,23],"tags":[],"ppma_author":[295],"class_list":["post-31026","post","type-post","status-publish","format-standard","has-post-thumbnail","hentry","category-news","category-wwe"],"authors":[{"term_id":295,"user_id":609,"is_guest":0,"slug":"rodrigo","display_name":"Rodrigue Tousignant","avatar_url":"https:\/\/secure.gravatar.com\/avatar\/51fe284bb6dbe8a6b4c2bf998ad658f4a9cd24b7e58f15ec85888070c7340ce6?s=96&d=mm&r=g","0":null,"1":"","2":"","3":"","4":"","5":"","6":"","7":"","8":""}],"_links":{"self":[{"href":"https:\/\/www.jdx.info\/lutte\/wp-json\/wp\/v2\/posts\/31026","targetHints":{"allow":["GET"]}}],"collection":[{"href":"https:\/\/www.jdx.info\/lutte\/wp-json\/wp\/v2\/posts"}],"about":[{"href":"https:\/\/www.jdx.info\/lutte\/wp-json\/wp\/v2\/types\/post"}],"author":[{"embeddable":true,"href":"https:\/\/www.jdx.info\/lutte\/wp-json\/wp\/v2\/users\/609"}],"replies":[{"embeddable":true,"href":"https:\/\/www.jdx.info\/lutte\/wp-json\/wp\/v2\/comments?post=31026"}],"version-history":[{"count":3,"href":"https:\/\/www.jdx.info\/lutte\/wp-json\/wp\/v2\/posts\/31026\/revisions"}],"predecessor-version":[{"id":31030,"href":"https:\/\/www.jdx.info\/lutte\/wp-json\/wp\/v2\/posts\/31026\/revisions\/31030"}],"wp:featuredmedia":[{"embeddable":true,"href":"https:\/\/www.jdx.info\/lutte\/wp-json\/wp\/v2\/media\/31027"}],"wp:attachment":[{"href":"https:\/\/www.jdx.info\/lutte\/wp-json\/wp\/v2\/media?parent=31026"}],"wp:term":[{"taxonomy":"category","embeddable":true,"href":"https:\/\/www.jdx.info\/lutte\/wp-json\/wp\/v2\/categories?post=31026"},{"taxonomy":"post_tag","embeddable":true,"href":"https:\/\/www.jdx.info\/lutte\/wp-json\/wp\/v2\/tags?post=31026"},{"taxonomy":"author","embeddable":true,"href":"https:\/\/www.jdx.info\/lutte\/wp-json\/wp\/v2\/ppma_author?post=31026"}],"curies":[{"name":"wp","href":"https:\/\/api.w.org\/{rel}","templated":true}]}}