{"id":30140,"date":"2020-06-21T12:25:32","date_gmt":"2020-06-21T16:25:32","guid":{"rendered":"http:\/\/www.jdx.info\/lutte\/?p=30140"},"modified":"2020-06-21T12:26:27","modified_gmt":"2020-06-21T16:26:27","slug":"jerry-lawler-aura-son-proces-pour-le-deces-injustifie-de-brian-christopher-le-king-demande-de-porter-le-masque-et-plus","status":"publish","type":"post","link":"https:\/\/www.jdx.info\/lutte\/2020\/06\/21\/jerry-lawler-aura-son-proces-pour-le-deces-injustifie-de-brian-christopher-le-king-demande-de-porter-le-masque-et-plus\/","title":{"rendered":"Jerry Lawler Aura Son Proc\u00e8s Pour Le D\u00e9c\u00e8s Injustifi\u00e9 de Brian Christopher! Le King Demande De Porter Le Masque, Et Plus!"},"content":{"rendered":"\n<p>Le Hall of Famer de la WWE, Jerry Lawler, a d\u00e9pos\u00e9 une plainte pour mort injustifi\u00e9e contre le sh\u00e9rif John Doolen et le comt\u00e9 de Hardeman dans le Tennessee, en juillet 2019. Il a enfin sa date d&rsquo;audience pour un proc\u00e8s devant jury.<\/p>\n\n\n\n<p>Lawler doit \u00eatre en cour pour un proc\u00e8s avec jury avec ses avocats le lundi 27 mai 2021 \u00e0 9h30 HE. Le tribunal de district des \u00c9tats-Unis dans le district occidental du Tennessee a confirm\u00e9 la date sur leur dossier.<\/p>\n\n\n\n<p>Lawler est repr\u00e9sent\u00e9 par Matthew May et Jeffrey Losenblum tandis que les avocats du comt\u00e9 de Hardeman sont Nathan Tilly, William Mauldin et Austin Stokes.<\/p>\n\n\n\n<p>Le fils de Lawler, l&rsquo;ancien superstar de la WWE, Brian Christopher, est d\u00e9c\u00e9d\u00e9 alors qu&rsquo;il \u00e9tait dans une prison du comt\u00e9 le 29 juillet 2018. La cause du d\u00e9c\u00e8s a \u00e9t\u00e9 d\u00e9clar\u00e9e comme un suicide \u00e0 l&rsquo;\u00e2ge de 48 ans. Jerry et d&rsquo;autres membres de la famille ne croyaient pas \u00e0 l&rsquo;histoire du suicide qui a \u00e9t\u00e9 publi\u00e9e du bureau du sh\u00e9rif.<\/p>\n\n\n\n<p>Comme indiqu\u00e9 lors du d\u00e9p\u00f4t de la plainte, Jerry demandait des dommages-int\u00e9r\u00eats pour ce qu&rsquo;il all\u00e8gue \u00eatre \u00abde nombreux \u00e9checs du comt\u00e9 et de ses employ\u00e9s qui ont entra\u00een\u00e9 la mort injustifi\u00e9e de son fils\u00bb. Jerry veut \u00e9galement que le sh\u00e9rif John Doolen apporte des changements \u00e0 la prison du comt\u00e9 de Hardeman pour prot\u00e9ger les d\u00e9tenus.<\/p>\n\n\n\n<p>Sur une autre note, The King a r\u00e9cemment film\u00e9 un message d&rsquo;int\u00e9r\u00eat public, pour la ville de Memphis Tennessee qui encourage les gens \u00e0 porter des masques en public en raison de l&rsquo;\u00e9pid\u00e9mie de COVID-19. La publicit\u00e9 est film\u00e9e au domicile d&rsquo;Elvis Pressley \u00e0 Graceland.  Lawler a indiqu\u00e9 que la publicit\u00e9 sera disponible sur ses plateformes en ligne une fois termin\u00e9e.<\/p>\n\n\n\n<p><\/p>\n<p><\/p>","protected":false},"excerpt":{"rendered":"<p>Le Hall of Famer de la WWE, Jerry Lawler, a d\u00e9pos\u00e9 une plainte pour mort injustifi\u00e9e contre le sh\u00e9rif John Doolen et le comt\u00e9 de Hardeman dans le Tennessee, en juillet 2019. Il a enfin sa date d&rsquo;audience pour un proc\u00e8s devant jury. Lawler doit \u00eatre en cour pour un proc\u00e8s avec jury avec ses&#8230;<\/p>\n","protected":false},"author":665,"featured_media":30232,"comment_status":"open","ping_status":"closed","sticky":false,"template":"","format":"standard","meta":{"footnotes":""},"categories":[30,4,23],"tags":[],"ppma_author":[289],"class_list":["post-30140","post","type-post","status-publish","format-standard","has-post-thumbnail","hentry","category-ex-wwe","category-news","category-wwe"],"authors":[{"term_id":289,"user_id":665,"is_guest":0,"slug":"line","display_name":"Line Edmond","avatar_url":"https:\/\/secure.gravatar.com\/avatar\/852de09636413c90cdaa278312f9ea5bc4396768745424755cb63d99a05989d0?s=96&d=mm&r=g","0":null,"1":"","2":"","3":"","4":"","5":"","6":"","7":"","8":""}],"_links":{"self":[{"href":"https:\/\/www.jdx.info\/lutte\/wp-json\/wp\/v2\/posts\/30140","targetHints":{"allow":["GET"]}}],"collection":[{"href":"https:\/\/www.jdx.info\/lutte\/wp-json\/wp\/v2\/posts"}],"about":[{"href":"https:\/\/www.jdx.info\/lutte\/wp-json\/wp\/v2\/types\/post"}],"author":[{"embeddable":true,"href":"https:\/\/www.jdx.info\/lutte\/wp-json\/wp\/v2\/users\/665"}],"replies":[{"embeddable":true,"href":"https:\/\/www.jdx.info\/lutte\/wp-json\/wp\/v2\/comments?post=30140"}],"version-history":[{"count":2,"href":"https:\/\/www.jdx.info\/lutte\/wp-json\/wp\/v2\/posts\/30140\/revisions"}],"predecessor-version":[{"id":30233,"href":"https:\/\/www.jdx.info\/lutte\/wp-json\/wp\/v2\/posts\/30140\/revisions\/30233"}],"wp:featuredmedia":[{"embeddable":true,"href":"https:\/\/www.jdx.info\/lutte\/wp-json\/wp\/v2\/media\/30232"}],"wp:attachment":[{"href":"https:\/\/www.jdx.info\/lutte\/wp-json\/wp\/v2\/media?parent=30140"}],"wp:term":[{"taxonomy":"category","embeddable":true,"href":"https:\/\/www.jdx.info\/lutte\/wp-json\/wp\/v2\/categories?post=30140"},{"taxonomy":"post_tag","embeddable":true,"href":"https:\/\/www.jdx.info\/lutte\/wp-json\/wp\/v2\/tags?post=30140"},{"taxonomy":"author","embeddable":true,"href":"https:\/\/www.jdx.info\/lutte\/wp-json\/wp\/v2\/ppma_author?post=30140"}],"curies":[{"name":"wp","href":"https:\/\/api.w.org\/{rel}","templated":true}]}}