{"id":30134,"date":"2020-06-19T15:40:25","date_gmt":"2020-06-19T19:40:25","guid":{"rendered":"http:\/\/www.jdx.info\/lutte\/?p=30134"},"modified":"2020-06-19T15:44:13","modified_gmt":"2020-06-19T19:44:13","slug":"on-en-sait-plus-sur-la-recrue-testee-positif-au-covid-19-a-la-wwe","status":"publish","type":"post","link":"https:\/\/www.jdx.info\/lutte\/2020\/06\/19\/on-en-sait-plus-sur-la-recrue-testee-positif-au-covid-19-a-la-wwe\/","title":{"rendered":"On En Sait Plus Sur La Recrue Test\u00e9e Positif Au COVID-19 \u00e0 La WWE!"},"content":{"rendered":"\n<p>Comme indiqu\u00e9 il y a quelques jours, un stagiaire en d\u00e9veloppement de la NXT a r\u00e9cemment \u00e9t\u00e9 test\u00e9 positif pour la COVID-19. Le dit stagiaire, qui n&rsquo;\u00e9tait pas utilis\u00e9 sur la t\u00e9l\u00e9 de NXT, a \u00e9t\u00e9 vu pour la derni\u00e8re fois au Performance Center le 9 juin lors des enregistrements de NXT.<\/p>\n\n\n\n<p>Notre source rapporte que le lutteur qui a \u00e9t\u00e9 test\u00e9 positif \u00e9tait une lutteuse de NXT, qui n&rsquo;a pas \u00e9t\u00e9 utilis\u00e9e \u00e0 la t\u00e9l\u00e9vision. Elle a \u00e9t\u00e9 l&rsquo;une des fans utilis\u00e9es dans la foule, et a \u00e9t\u00e9 utilis\u00e9e pour la derni\u00e8re fois dans ce r\u00f4le le 9 juin dernier.<\/p>\n\n\n\n<p>On ne sait toujours pas qui est cette personne pour le moment mais nous vous tiendrons au courant, bien que l&rsquo;important ici, ce n&rsquo;est pas qui, mais comment la WWE g\u00e8re le dossier pour la suite des choses.<\/p>\n\n\n\n<p class=\"has-background has-very-light-gray-background-color\"><em> La photo ci-haut n&rsquo;est qu&rsquo;\u00e0 titre d&rsquo;exemple pour l&rsquo;article et ne veut pas dire que se serait l&rsquo;une d&rsquo;elle ou pas, elle a \u00e9t\u00e9 prise au hasard dans notre banque de photos pour illustrer la foule sur les shows de la WWE.<\/em><\/p>\n\n\n\n<p>Comme vous le savez, ce test positif COVID-19 a conduit \u00e0 la suppression des enregistrements t\u00e9l\u00e9vis\u00e9s de la WWE mardi dernier et \u00e0 la tenue de tests de coronavirus \u00e0 la place. Nous n&rsquo;avons pas les r\u00e9sultats non plus de tous ce beaux mondes. <\/p>\n\n\n\n<center><p><script async=\"\" src=\"https:\/\/pagead2.googlesyndication.com\/pagead\/js\/adsbygoogle.js\"><\/script>\n<ins class=\"adsbygoogle\" style=\"display:block; text-align:center;\" data-ad-layout=\"in-article\" data-ad-format=\"fluid\" data-ad-client=\"ca-pub-1986975368136072\" data-ad-slot=\"7818521013\"><\/ins>\n<script>\n     (adsbygoogle = window.adsbygoogle || []).push({});\n<\/script><\/p><\/center>\n\n\n\n\n<p>Vous \u00eates libre  de suivre d\u00e8s maintenant Info-Lutte via notre <a href=\"https:\/\/www.facebook.com\/InfoLutte\/\">page Facebook <\/a>ou <a href=\"https:\/\/twitter.com\/InfoLutte\">Twitter @INFOLUTTE<\/a>. Et merci ne ne pas quitter sans visiter ce qui est autour du site  pour nous aider \u00e0 vous en offrir toujours plus, ici m\u00eame sur votre site pr\u00e9f\u00e9r\u00e9<\/p>\n\n\n\n<p><br>\nVous voulez faire parti de l&rsquo;\u00e9quipe, contactez moi via Facebook en <a href=\"https:\/\/www.facebook.com\/JasonDarkCashDescoteaux\/\">cliquant ici<\/a><\/p>\n\n\n\n<figure><iframe loading=\"lazy\" src=\"https:\/\/www.facebook.com\/plugins\/post.php?href=https%3A%2F%2Fwww.facebook.com%2FJasonDarkCashDescoteaux%2Fposts%2F2928607343839111&amp;width=500\" width=\"500\" height=\"287\"><\/iframe><\/figure>\n<p><\/p>","protected":false},"excerpt":{"rendered":"<p>Comme indiqu\u00e9 il y a quelques jours, un stagiaire en d\u00e9veloppement de la NXT a r\u00e9cemment \u00e9t\u00e9 test\u00e9 positif pour la COVID-19. Le dit stagiaire, qui n&rsquo;\u00e9tait pas utilis\u00e9 sur la t\u00e9l\u00e9 de NXT, a \u00e9t\u00e9 vu pour la derni\u00e8re fois au Performance Center le 9 juin lors des enregistrements de NXT. Notre source rapporte&#8230;<\/p>\n","protected":false},"author":2,"featured_media":30135,"comment_status":"open","ping_status":"closed","sticky":false,"template":"","format":"standard","meta":{"footnotes":""},"categories":[4,43,36,23],"tags":[],"ppma_author":[287],"class_list":["post-30134","post","type-post","status-publish","format-standard","has-post-thumbnail","hentry","category-news","category-raw-wwe","category-smackdown","category-wwe"],"authors":[{"term_id":287,"user_id":2,"is_guest":0,"slug":"jason","display_name":"Jason Desc\u00f4teaux","avatar_url":"https:\/\/secure.gravatar.com\/avatar\/f64adf6d13198c3a532c061cecd8672089a1e9a3d07c702dffe886a7e55a15eb?s=96&d=mm&r=g","0":null,"1":"","2":"","3":"","4":"","5":"","6":"","7":"","8":""}],"_links":{"self":[{"href":"https:\/\/www.jdx.info\/lutte\/wp-json\/wp\/v2\/posts\/30134","targetHints":{"allow":["GET"]}}],"collection":[{"href":"https:\/\/www.jdx.info\/lutte\/wp-json\/wp\/v2\/posts"}],"about":[{"href":"https:\/\/www.jdx.info\/lutte\/wp-json\/wp\/v2\/types\/post"}],"author":[{"embeddable":true,"href":"https:\/\/www.jdx.info\/lutte\/wp-json\/wp\/v2\/users\/2"}],"replies":[{"embeddable":true,"href":"https:\/\/www.jdx.info\/lutte\/wp-json\/wp\/v2\/comments?post=30134"}],"version-history":[{"count":3,"href":"https:\/\/www.jdx.info\/lutte\/wp-json\/wp\/v2\/posts\/30134\/revisions"}],"predecessor-version":[{"id":30138,"href":"https:\/\/www.jdx.info\/lutte\/wp-json\/wp\/v2\/posts\/30134\/revisions\/30138"}],"wp:featuredmedia":[{"embeddable":true,"href":"https:\/\/www.jdx.info\/lutte\/wp-json\/wp\/v2\/media\/30135"}],"wp:attachment":[{"href":"https:\/\/www.jdx.info\/lutte\/wp-json\/wp\/v2\/media?parent=30134"}],"wp:term":[{"taxonomy":"category","embeddable":true,"href":"https:\/\/www.jdx.info\/lutte\/wp-json\/wp\/v2\/categories?post=30134"},{"taxonomy":"post_tag","embeddable":true,"href":"https:\/\/www.jdx.info\/lutte\/wp-json\/wp\/v2\/tags?post=30134"},{"taxonomy":"author","embeddable":true,"href":"https:\/\/www.jdx.info\/lutte\/wp-json\/wp\/v2\/ppma_author?post=30134"}],"curies":[{"name":"wp","href":"https:\/\/api.w.org\/{rel}","templated":true}]}}