{"id":30127,"date":"2020-06-19T15:24:37","date_gmt":"2020-06-19T19:24:37","guid":{"rendered":"http:\/\/www.jdx.info\/lutte\/?p=30127"},"modified":"2020-06-19T15:34:36","modified_gmt":"2020-06-19T19:34:36","slug":"que-se-passe-til-avec-le-hacker-de-smackdown","status":"publish","type":"post","link":"https:\/\/www.jdx.info\/lutte\/2020\/06\/19\/que-se-passe-til-avec-le-hacker-de-smackdown\/","title":{"rendered":"Que Se Passe T&rsquo;il Avec Le Hacker De Smackdown!"},"content":{"rendered":"\n<p>Comme indiqu\u00e9 plus t\u00f4t cette semaine, Mustafa Ali a \u00e9t\u00e9 transf\u00e9r\u00e9 \u00e0 la RAW et donc, lorsqu&rsquo;il reviendra \u00e0 l&rsquo;action, il sera sur la marque rouge.<\/p>\n\n\n\n<p>Le Wrestling Observer rapporte cette semaine que la WWE avait pr\u00e9vu qu&rsquo;Ali soit r\u00e9v\u00e9l\u00e9 comme le pirate informatique myst\u00e9rieux derri\u00e8re les r\u00e9cents segments vus \u00e0 la t\u00e9l\u00e9vision.<\/p>\n\n\n\n<p>On ne sait pas ce que cela signifie pour l\u2019avenir de l\u2019histoire myst\u00e8re, ou le statut d\u2019Ali, mais il semble que l\u2019histoire de l\u2019homme myst\u00e8re ait \u00e9t\u00e9 abandonn\u00e9e. Le compte Twitter du pirate, \u00e0 @TheMessageWWE, est silencieux depuis quelques semaines maintenant et le sc\u00e9nario n&rsquo;a pas \u00e9t\u00e9 pr\u00e9sent\u00e9 sur \u00e0 la t\u00e9l\u00e9 ces derniers temps.<\/p>\n\n\n\n<p> Il est toujours possible qu&rsquo;une autre personne soit s\u00e9lectionn\u00e9e comme \u00e9tant derri\u00e8re l&rsquo;histoire du pirate mais tous les signes indiquent qu&rsquo;elle est supprim\u00e9e des sc\u00e9narios.<\/p>\n\n\n\n<p>Ali est toujours r\u00e9pertori\u00e9 comme membre de la liste SmackDown au moment de la r\u00e9daction de cet article. On ne sait pas encore quand la WWE pr\u00e9voit de l&rsquo;amener \u00e0 RAW, mais nous vous tiendrons au courant.<\/p>\n\n\n\n<center><p><script async=\"\" src=\"https:\/\/pagead2.googlesyndication.com\/pagead\/js\/adsbygoogle.js\"><\/script>\n<ins class=\"adsbygoogle\" style=\"display:block; text-align:center;\" data-ad-layout=\"in-article\" data-ad-format=\"fluid\" data-ad-client=\"ca-pub-1986975368136072\" data-ad-slot=\"7818521013\"><\/ins>\n<script>\n     (adsbygoogle = window.adsbygoogle || []).push({});\n<\/script><\/p><\/center>\n\n\n\n\n<p>Vous \u00eates libre  de suivre d\u00e8s maintenant Info-Lutte via notre <a href=\"https:\/\/www.facebook.com\/InfoLutte\/\">page Facebook <\/a>ou <a href=\"https:\/\/twitter.com\/InfoLutte\">Twitter @INFOLUTTE<\/a>. Et merci ne ne pas quitter sans visiter ce qui est autour du site  pour nous aider \u00e0 vous en offrir toujours plus, ici m\u00eame sur votre site pr\u00e9f\u00e9r\u00e9<\/p>\n\n\n\n<p><br>\nVous voulez faire parti de l&rsquo;\u00e9quipe, contactez moi via Facebook en <a href=\"https:\/\/www.facebook.com\/JasonDarkCashDescoteaux\/\">cliquant ici<\/a><\/p>\n\n\n\n<figure><iframe loading=\"lazy\" src=\"https:\/\/www.facebook.com\/plugins\/post.php?href=https%3A%2F%2Fwww.facebook.com%2FJasonDarkCashDescoteaux%2Fposts%2F2928607343839111&amp;width=500\" width=\"500\" height=\"287\"><\/iframe><\/figure>\n<p><\/p>","protected":false},"excerpt":{"rendered":"<p>Comme indiqu\u00e9 plus t\u00f4t cette semaine, Mustafa Ali a \u00e9t\u00e9 transf\u00e9r\u00e9 \u00e0 la RAW et donc, lorsqu&rsquo;il reviendra \u00e0 l&rsquo;action, il sera sur la marque rouge. Le Wrestling Observer rapporte cette semaine que la WWE avait pr\u00e9vu qu&rsquo;Ali soit r\u00e9v\u00e9l\u00e9 comme le pirate informatique myst\u00e9rieux derri\u00e8re les r\u00e9cents segments vus \u00e0 la t\u00e9l\u00e9vision. On ne&#8230;<\/p>\n","protected":false},"author":2,"featured_media":30128,"comment_status":"open","ping_status":"closed","sticky":false,"template":"","format":"standard","meta":{"footnotes":""},"categories":[4,43,36,23],"tags":[],"ppma_author":[287],"class_list":["post-30127","post","type-post","status-publish","format-standard","has-post-thumbnail","hentry","category-news","category-raw-wwe","category-smackdown","category-wwe"],"authors":[{"term_id":287,"user_id":2,"is_guest":0,"slug":"jason","display_name":"Jason Desc\u00f4teaux","avatar_url":"https:\/\/secure.gravatar.com\/avatar\/f64adf6d13198c3a532c061cecd8672089a1e9a3d07c702dffe886a7e55a15eb?s=96&d=mm&r=g","0":null,"1":"","2":"","3":"","4":"","5":"","6":"","7":"","8":""}],"_links":{"self":[{"href":"https:\/\/www.jdx.info\/lutte\/wp-json\/wp\/v2\/posts\/30127","targetHints":{"allow":["GET"]}}],"collection":[{"href":"https:\/\/www.jdx.info\/lutte\/wp-json\/wp\/v2\/posts"}],"about":[{"href":"https:\/\/www.jdx.info\/lutte\/wp-json\/wp\/v2\/types\/post"}],"author":[{"embeddable":true,"href":"https:\/\/www.jdx.info\/lutte\/wp-json\/wp\/v2\/users\/2"}],"replies":[{"embeddable":true,"href":"https:\/\/www.jdx.info\/lutte\/wp-json\/wp\/v2\/comments?post=30127"}],"version-history":[{"count":3,"href":"https:\/\/www.jdx.info\/lutte\/wp-json\/wp\/v2\/posts\/30127\/revisions"}],"predecessor-version":[{"id":30133,"href":"https:\/\/www.jdx.info\/lutte\/wp-json\/wp\/v2\/posts\/30127\/revisions\/30133"}],"wp:featuredmedia":[{"embeddable":true,"href":"https:\/\/www.jdx.info\/lutte\/wp-json\/wp\/v2\/media\/30128"}],"wp:attachment":[{"href":"https:\/\/www.jdx.info\/lutte\/wp-json\/wp\/v2\/media?parent=30127"}],"wp:term":[{"taxonomy":"category","embeddable":true,"href":"https:\/\/www.jdx.info\/lutte\/wp-json\/wp\/v2\/categories?post=30127"},{"taxonomy":"post_tag","embeddable":true,"href":"https:\/\/www.jdx.info\/lutte\/wp-json\/wp\/v2\/tags?post=30127"},{"taxonomy":"author","embeddable":true,"href":"https:\/\/www.jdx.info\/lutte\/wp-json\/wp\/v2\/ppma_author?post=30127"}],"curies":[{"name":"wp","href":"https:\/\/api.w.org\/{rel}","templated":true}]}}