{"id":30010,"date":"2020-06-17T14:03:16","date_gmt":"2020-06-17T18:03:16","guid":{"rendered":"http:\/\/www.jdx.info\/lutte\/?p=30010"},"modified":"2020-06-17T14:03:34","modified_gmt":"2020-06-17T18:03:34","slug":"la-aew-teste-chaque-personne-dans-son-building-pour-la-covid-19-sur-une-base-hebdomadaire","status":"publish","type":"post","link":"https:\/\/www.jdx.info\/lutte\/2020\/06\/17\/la-aew-teste-chaque-personne-dans-son-building-pour-la-covid-19-sur-une-base-hebdomadaire\/","title":{"rendered":"La AEW Teste Chaque Personne Dans Son Building Pour La COVID-19 Sur Une Base Hebdomadaire"},"content":{"rendered":"\n<p>Le journaliste de la r\u00e9gion d&rsquo;Orlando, Jon Alba, s&rsquo;est rendu sur Twitter ce mardi matin pour f\u00e9liciter la AEW et le pr\u00e9sident Tony Khan pour avoir constamment test\u00e9 pour le COVID-19, pendant les enregistrements hebdomadaires de la AEW. Quand un fan leur a demand\u00e9 des d\u00e9tails, Khan a saut\u00e9!<\/p>\n\n\n\n<blockquote class=\"wp-block-quote is-layout-flow wp-block-quote-is-layout-flow\"><p>Oui, nous testons chaque personne qui est dans les coulisses ou qui travaille dans ou autour du ring, au d\u00e9but de chaque semaine o\u00f9 nous faisons un show. Merci \u00e0 vous deux.<\/p><\/blockquote>\n\n\n\n<p>Cette nouvelle survient peu de temps apr\u00e8s qu&rsquo;un employ\u00e9 de la WWE ait \u00e9t\u00e9 test\u00e9 positif pour COVID-19 en raison du manque de tests effectu\u00e9s par la soci\u00e9t\u00e9. \u00c0 l&rsquo;avenir, il semble que la WWE fera r\u00e9guli\u00e8rement des tests bien qu&rsquo;elle soit s\u00e9curitaire avec toute les pr\u00e9caution possible \u00e0 prendre pour \u00e9viter la contagions. Et sachez que le cas en question, comme tout les personnes qui sont dans la foule, ne sont jamais en contact avec les SuperStars de la WWE.<\/p>\n\n\n\n<center><blockquote class=\"twitter-tweet\"><p lang=\"en\" dir=\"ltr\">I will say this, I think <a href=\"https:\/\/twitter.com\/TonyKhan?ref_src=twsrc%5Etfw\">@TonyKhan<\/a> and <a href=\"https:\/\/twitter.com\/hashtag\/AEW?src=hash&amp;ref_src=twsrc%5Etfw\">#AEW<\/a> deserve a lot of credit for the thoroughness of their coronavirus testing to allow for the safest conditions possible at their tapings.<\/p>&mdash; Jon Alba (@JonAlba) <a href=\"https:\/\/twitter.com\/JonAlba\/status\/1272994548298518528?ref_src=twsrc%5Etfw\">June 16, 2020<\/a><\/blockquote> <script async src=\"https:\/\/platform.twitter.com\/widgets.js\" charset=\"utf-8\"><\/script>\n<blockquote class=\"twitter-tweet\"><p lang=\"en\" dir=\"ltr\">Are they testing every week? I wasn\u2019t sure and don\u2019t want to make in assumption, but I do say I fully agree with your statement!<\/p>&mdash; Jessi Davin (@jessithebuckeye) <a href=\"https:\/\/twitter.com\/jessithebuckeye\/status\/1272994806394912771?ref_src=twsrc%5Etfw\">June 16, 2020<\/a><\/blockquote> <script async src=\"https:\/\/platform.twitter.com\/widgets.js\" charset=\"utf-8\"><\/script><\/center>\n<p><\/p>","protected":false},"excerpt":{"rendered":"<p>Le journaliste de la r\u00e9gion d&rsquo;Orlando, Jon Alba, s&rsquo;est rendu sur Twitter ce mardi matin pour f\u00e9liciter la AEW et le pr\u00e9sident Tony Khan pour avoir constamment test\u00e9 pour le COVID-19, pendant les enregistrements hebdomadaires de la AEW. Quand un fan leur a demand\u00e9 des d\u00e9tails, Khan a saut\u00e9! Oui, nous testons chaque personne qui&#8230;<\/p>\n","protected":false},"author":665,"featured_media":30032,"comment_status":"open","ping_status":"closed","sticky":false,"template":"","format":"standard","meta":{"footnotes":""},"categories":[38,24,4],"tags":[],"ppma_author":[289],"class_list":["post-30010","post","type-post","status-publish","format-standard","has-post-thumbnail","hentry","category-aew","category-aew-impact-njpw-roh","category-news"],"authors":[{"term_id":289,"user_id":665,"is_guest":0,"slug":"line","display_name":"Line Edmond","avatar_url":"https:\/\/secure.gravatar.com\/avatar\/852de09636413c90cdaa278312f9ea5bc4396768745424755cb63d99a05989d0?s=96&d=mm&r=g","0":null,"1":"","2":"","3":"","4":"","5":"","6":"","7":"","8":""}],"_links":{"self":[{"href":"https:\/\/www.jdx.info\/lutte\/wp-json\/wp\/v2\/posts\/30010","targetHints":{"allow":["GET"]}}],"collection":[{"href":"https:\/\/www.jdx.info\/lutte\/wp-json\/wp\/v2\/posts"}],"about":[{"href":"https:\/\/www.jdx.info\/lutte\/wp-json\/wp\/v2\/types\/post"}],"author":[{"embeddable":true,"href":"https:\/\/www.jdx.info\/lutte\/wp-json\/wp\/v2\/users\/665"}],"replies":[{"embeddable":true,"href":"https:\/\/www.jdx.info\/lutte\/wp-json\/wp\/v2\/comments?post=30010"}],"version-history":[{"count":2,"href":"https:\/\/www.jdx.info\/lutte\/wp-json\/wp\/v2\/posts\/30010\/revisions"}],"predecessor-version":[{"id":30033,"href":"https:\/\/www.jdx.info\/lutte\/wp-json\/wp\/v2\/posts\/30010\/revisions\/30033"}],"wp:featuredmedia":[{"embeddable":true,"href":"https:\/\/www.jdx.info\/lutte\/wp-json\/wp\/v2\/media\/30032"}],"wp:attachment":[{"href":"https:\/\/www.jdx.info\/lutte\/wp-json\/wp\/v2\/media?parent=30010"}],"wp:term":[{"taxonomy":"category","embeddable":true,"href":"https:\/\/www.jdx.info\/lutte\/wp-json\/wp\/v2\/categories?post=30010"},{"taxonomy":"post_tag","embeddable":true,"href":"https:\/\/www.jdx.info\/lutte\/wp-json\/wp\/v2\/tags?post=30010"},{"taxonomy":"author","embeddable":true,"href":"https:\/\/www.jdx.info\/lutte\/wp-json\/wp\/v2\/ppma_author?post=30010"}],"curies":[{"name":"wp","href":"https:\/\/api.w.org\/{rel}","templated":true}]}}