{"id":28755,"date":"2020-06-05T17:10:56","date_gmt":"2020-06-05T21:10:56","guid":{"rendered":"http:\/\/www.jdx.info\/lutte\/?p=28755"},"modified":"2020-06-05T17:11:00","modified_gmt":"2020-06-05T21:11:00","slug":"dwayne-the-rock-johnson-sen-prend-a-trump","status":"publish","type":"post","link":"https:\/\/www.jdx.info\/lutte\/2020\/06\/05\/dwayne-the-rock-johnson-sen-prend-a-trump\/","title":{"rendered":"Dwayne The Rock Johnson S&rsquo;en Prend \u00e0 Trump!"},"content":{"rendered":"\n<p>Dans ce bulletin je vous explique comme Dwayne Johnson alias The Rocl, c&rsquo;est est prit au pr\u00e9sident Am\u00e9ricain Donald Trump. <\/p>\n\n\n\n<p>Alors que les manifestations anti-racistes se multiplient aux \u00c9tats-Unis depuis le d\u00e9c\u00e8s de George Floyd \u00e0 Minneapolis, Dwayne \u201cThe Rock\u201d Johnson se demande pourquoi le pr\u00e9sident am\u00e9ricain Donald Trump n\u2019appuie pas le mouvement \u201cBlack Lives Matter\u201d.<\/p>\n\n\n\n<p>Par le biais d\u2019une vid\u00e9o sur Instagram, The Rock questionne l\u2019absence du leader am\u00e9ricain alors que ce mouvement prend de l\u2019ampleur, exigeant des changemeents dans la soci\u00e9t\u00e9 afin que le racisme n\u2019ait plus sa raison d\u2019\u00eatre.<\/p>\n\n\n\n<p>The Rock rappelle que chaque vie humaine a de la valeur, peu importe la race. Il croit \u00e0 l\u2019\u00e9galit\u00e9 et \u00e0 l\u2019inclusivit\u00e9.<\/p>\n\n\n\n<blockquote class=\"wp-block-quote is-layout-flow wp-block-quote-is-layout-flow\"><p><em>\u201cO\u00f9 es-tu? O\u00f9 est notre leader? O\u00f9 es-tu? O\u00f9 est notre chef en ce moment, \u00e0 ce moment o\u00f9 notre pays est \u00e0 genoux, mendiant, suppliant, bless\u00e9, en col\u00e8re, frustr\u00e9, dans la douleur, mendiant et plaidant, il sort les bras en voulant simplement \u00eatre entendu. Mendier et plaider pour le changement. O\u00f9 es-tu? O\u00f9 est notre chef compatissant qui va rejoindre notre pays qui est \u00e0 genoux et qui tend la main et dit: \u00abL\u00e8ve-toi. Levez-vous avec moi. Levez-vous avec moi parce que je vous ai. Je vous ai compris. Je t&rsquo;entends. Je vous \u00e9coute, et vous avez ma parole, je ferai tout ce qui est en mon pouvoir jusqu&rsquo;\u00e0 mes derniers jours dans mon dernier souffle pour faire tout ce que je peux pour cr\u00e9er le changement n\u00e9cessaire pour normaliser l&rsquo;\u00e9galit\u00e9 parce que les vies noires comptent<\/em>.<em>\u201d<\/em><\/p><\/blockquote>\n\n\n\n<blockquote class=\"wp-block-quote is-layout-flow wp-block-quote-is-layout-flow\"><p><em>\u201cO\u00f9 es-tu? C\u2019est ce m\u00eame chef compatissant qui doit revenir et s\u2019adresser \u00e0 nouveau au pays pour donner un contexte important, pour donner une perspective importante sur les commentaires qui viennent d\u2019\u00eatre faits. Bien s\u00fbr, toutes les vies comptent. Chacun. Toutes les vies comptent parce que nous, Am\u00e9ricains, croyons \u00e0 l&rsquo;inclusivit\u00e9. Nous croyons \u00e0 l&rsquo;acceptation. Nous croyons aux droits de l&rsquo;homme. Nous croyons \u00e0 l&rsquo;\u00e9galit\u00e9 pour tous. C&rsquo;est ce en quoi nous croyons. Alors, bien s\u00fbr, toutes les vies comptent, mais en ce moment maintenant, ce moment explosif d\u00e9terminant et pivot o\u00f9 notre pays est \u00e0 genoux, les planches de notre pays se d\u00e9cha\u00eenent, en ce moment, nous devons disons que les vies noires comptent.\u201d<\/em><\/p><\/blockquote>\n\n\n\n<p>The Rock se questionne \u00e9galement sur la pr\u00e9sence militaire accrue lors des manifestations. Il a par ailleurs remerci\u00e9 le reste du monde pour la solidarit\u00e9 exprim\u00e9e \u00e0 l\u2019endroit du mouvement \u201cBlack Lives Matter\u201d.<\/p>\n\n\n\n<blockquote class=\"wp-block-quote is-layout-flow wp-block-quote-is-layout-flow\"><p>\u201c<em>Je veux prendre un moment pour remercier le monde de nous avoir soutenu dans notre lutte pour l&rsquo;\u00e9galit\u00e9, pour normaliser l&rsquo;\u00e9galit\u00e9. Je tiens \u00e0 remercier tous ces pays \u00e0 travers le monde, des manifestations de solidarit\u00e9 incroyables et inspirantes, et je veux que vous sachiez quelque chose, et je me sens confiant de parler au nom de nos fr\u00e8res et s\u0153urs am\u00e9ricains, nous par notre p\u00e8re, par notre de la fum\u00e9e, \u00e0 travers notre feu, \u00e0 travers nos d\u00e9bris et tout ce que nous traversons en ce moment car il se passe beaucoup de choses autour de nous alors que nous prenons nos morceaux, ne pensez pas une seconde que nous ne vous voyons pas. Nous vous voyons. Nous vous voyons. Nous te remercions. Nous t&rsquo;aimons<\/em>.<em>\u201d<\/em><\/p><\/blockquote>\n\n\n\n<center><blockquote class=\"instagram-media\" data-instgrm-captioned data-instgrm-permalink=\"https:\/\/www.instagram.com\/tv\/CA_tVdXnWr1\/?utm_source=ig_embed&amp;utm_campaign=loading\" data-instgrm-version=\"12\" style=\" background:#FFF; border:0; border-radius:3px; box-shadow:0 0 1px 0 rgba(0,0,0,0.5),0 1px 10px 0 rgba(0,0,0,0.15); margin: 1px; max-width:540px; min-width:326px; padding:0; width:99.375%; width:-webkit-calc(100% - 2px); width:calc(100% - 2px);\"><div style=\"padding:16px;\"> <a href=\"https:\/\/www.instagram.com\/tv\/CA_tVdXnWr1\/?utm_source=ig_embed&amp;utm_campaign=loading\" style=\" background:#FFFFFF; line-height:0; padding:0 0; text-align:center; text-decoration:none; width:100%;\" target=\"_blank\" rel=\"noopener noreferrer\"> <div style=\" display: flex; flex-direction: row; align-items: center;\"> <div style=\"background-color: #F4F4F4; border-radius: 50%; flex-grow: 0; height: 40px; margin-right: 14px; width: 40px;\"><\/div> <div style=\"display: flex; flex-direction: column; flex-grow: 1; justify-content: center;\"> <div style=\" background-color: #F4F4F4; border-radius: 4px; flex-grow: 0; height: 14px; margin-bottom: 6px; width: 100px;\"><\/div> <div style=\" background-color: #F4F4F4; border-radius: 4px; flex-grow: 0; height: 14px; width: 60px;\"><\/div><\/div><\/div><div style=\"padding: 19% 0;\"><\/div> <div style=\"display:block; height:50px; margin:0 auto 12px; width:50px;\"><svg width=\"50px\" height=\"50px\" viewBox=\"0 0 60 60\" version=\"1.1\" xmlns=\"https:\/\/www.w3.org\/2000\/svg\" xmlns:xlink=\"https:\/\/www.w3.org\/1999\/xlink\"><g stroke=\"none\" stroke-width=\"1\" fill=\"none\" fill-rule=\"evenodd\"><g transform=\"translate(-511.000000, -20.000000)\" fill=\"#000000\"><g><path d=\"M556.869,30.41 C554.814,30.41 553.148,32.076 553.148,34.131 C553.148,36.186 554.814,37.852 556.869,37.852 C558.924,37.852 560.59,36.186 560.59,34.131 C560.59,32.076 558.924,30.41 556.869,30.41 M541,60.657 C535.114,60.657 530.342,55.887 530.342,50 C530.342,44.114 535.114,39.342 541,39.342 C546.887,39.342 551.658,44.114 551.658,50 C551.658,55.887 546.887,60.657 541,60.657 M541,33.886 C532.1,33.886 524.886,41.1 524.886,50 C524.886,58.899 532.1,66.113 541,66.113 C549.9,66.113 557.115,58.899 557.115,50 C557.115,41.1 549.9,33.886 541,33.886 M565.378,62.101 C565.244,65.022 564.756,66.606 564.346,67.663 C563.803,69.06 563.154,70.057 562.106,71.106 C561.058,72.155 560.06,72.803 558.662,73.347 C557.607,73.757 556.021,74.244 553.102,74.378 C549.944,74.521 548.997,74.552 541,74.552 C533.003,74.552 532.056,74.521 528.898,74.378 C525.979,74.244 524.393,73.757 523.338,73.347 C521.94,72.803 520.942,72.155 519.894,71.106 C518.846,70.057 518.197,69.06 517.654,67.663 C517.244,66.606 516.755,65.022 516.623,62.101 C516.479,58.943 516.448,57.996 516.448,50 C516.448,42.003 516.479,41.056 516.623,37.899 C516.755,34.978 517.244,33.391 517.654,32.338 C518.197,30.938 518.846,29.942 519.894,28.894 C520.942,27.846 521.94,27.196 523.338,26.654 C524.393,26.244 525.979,25.756 528.898,25.623 C532.057,25.479 533.004,25.448 541,25.448 C548.997,25.448 549.943,25.479 553.102,25.623 C556.021,25.756 557.607,26.244 558.662,26.654 C560.06,27.196 561.058,27.846 562.106,28.894 C563.154,29.942 563.803,30.938 564.346,32.338 C564.756,33.391 565.244,34.978 565.378,37.899 C565.522,41.056 565.552,42.003 565.552,50 C565.552,57.996 565.522,58.943 565.378,62.101 M570.82,37.631 C570.674,34.438 570.167,32.258 569.425,30.349 C568.659,28.377 567.633,26.702 565.965,25.035 C564.297,23.368 562.623,22.342 560.652,21.575 C558.743,20.834 556.562,20.326 553.369,20.18 C550.169,20.033 549.148,20 541,20 C532.853,20 531.831,20.033 528.631,20.18 C525.438,20.326 523.257,20.834 521.349,21.575 C519.376,22.342 517.703,23.368 516.035,25.035 C514.368,26.702 513.342,28.377 512.574,30.349 C511.834,32.258 511.326,34.438 511.181,37.631 C511.035,40.831 511,41.851 511,50 C511,58.147 511.035,59.17 511.181,62.369 C511.326,65.562 511.834,67.743 512.574,69.651 C513.342,71.625 514.368,73.296 516.035,74.965 C517.703,76.634 519.376,77.658 521.349,78.425 C523.257,79.167 525.438,79.673 528.631,79.82 C531.831,79.965 532.853,80.001 541,80.001 C549.148,80.001 550.169,79.965 553.369,79.82 C556.562,79.673 558.743,79.167 560.652,78.425 C562.623,77.658 564.297,76.634 565.965,74.965 C567.633,73.296 568.659,71.625 569.425,69.651 C570.167,67.743 570.674,65.562 570.82,62.369 C570.966,59.17 571,58.147 571,50 C571,41.851 570.966,40.831 570.82,37.631\"><\/path><\/g><\/g><\/g><\/svg><\/div><div style=\"padding-top: 8px;\"> <div style=\" color:#3897f0; font-family:Arial,sans-serif; font-size:14px; font-style:normal; font-weight:550; line-height:18px;\"> Voir cette publication sur Instagram<\/div><\/div><div style=\"padding: 12.5% 0;\"><\/div> <div style=\"display: flex; flex-direction: row; margin-bottom: 14px; align-items: center;\"><div> <div style=\"background-color: #F4F4F4; border-radius: 50%; height: 12.5px; width: 12.5px; transform: translateX(0px) translateY(7px);\"><\/div> <div style=\"background-color: #F4F4F4; height: 12.5px; transform: rotate(-45deg) translateX(3px) translateY(1px); width: 12.5px; flex-grow: 0; margin-right: 14px; margin-left: 2px;\"><\/div> <div style=\"background-color: #F4F4F4; border-radius: 50%; height: 12.5px; width: 12.5px; transform: translateX(9px) translateY(-18px);\"><\/div><\/div><div style=\"margin-left: 8px;\"> <div style=\" background-color: #F4F4F4; border-radius: 50%; flex-grow: 0; height: 20px; width: 20px;\"><\/div> <div style=\" width: 0; height: 0; border-top: 2px solid transparent; border-left: 6px solid #f4f4f4; border-bottom: 2px solid transparent; transform: translateX(16px) translateY(-4px) rotate(30deg)\"><\/div><\/div><div style=\"margin-left: auto;\"> <div style=\" width: 0px; border-top: 8px solid #F4F4F4; border-right: 8px solid transparent; transform: translateY(16px);\"><\/div> <div style=\" background-color: #F4F4F4; flex-grow: 0; height: 12px; width: 16px; transform: translateY(-4px);\"><\/div> <div style=\" width: 0; height: 0; border-top: 8px solid #F4F4F4; border-left: 8px solid transparent; transform: translateY(-4px) translateX(8px);\"><\/div><\/div><\/div><\/a> <p style=\" margin:8px 0 0 0; padding:0 4px;\"> <a href=\"https:\/\/www.instagram.com\/tv\/CA_tVdXnWr1\/?utm_source=ig_embed&amp;utm_campaign=loading\" style=\" color:#000; font-family:Arial,sans-serif; font-size:14px; font-style:normal; font-weight:normal; line-height:17px; text-decoration:none; word-wrap:break-word;\" target=\"_blank\" rel=\"noopener noreferrer\">Our country is crippled and on its knees, begging to be heard and pleading for change. Where is our compassionate leader? The leader who unifies and inspires our country at our most painful time when we need it the most. The leader who steps up and takes full accountability for our country and embraces every color in it. The leader who picks our country up off its knees and says you have my word &#8211; we got this &#8211; and together, change will happen. Where are you? Because we\u2019re all here. Maybe one day that galvanizing leader will emerge. Either way, the process to change has already begun. #normalizeequality #blacklivesmatter<\/a><\/p> <p style=\" color:#c9c8cd; font-family:Arial,sans-serif; font-size:14px; line-height:17px; margin-bottom:0; margin-top:8px; overflow:hidden; padding:8px 0 7px; text-align:center; text-overflow:ellipsis; white-space:nowrap;\">Une publication partag\u00e9e par <a href=\"https:\/\/www.instagram.com\/therock\/?utm_source=ig_embed&amp;utm_campaign=loading\" style=\" color:#c9c8cd; font-family:Arial,sans-serif; font-size:14px; font-style:normal; font-weight:normal; line-height:17px;\" target=\"_blank\" rel=\"noopener noreferrer\"> therock<\/a> (@therock) le <time style=\" font-family:Arial,sans-serif; font-size:14px; line-height:17px;\" datetime=\"2020-06-04T02:33:07+00:00\">3 Juin 2020 \u00e0 7 :33 PDT<\/time><\/p><\/div><\/blockquote> <script async src=\"\/\/www.instagram.com\/embed.js\"><\/script>\n<p><\/p>","protected":false},"excerpt":{"rendered":"<p>Dans ce bulletin je vous explique comme Dwayne Johnson alias The Rocl, c&rsquo;est est prit au pr\u00e9sident Am\u00e9ricain Donald Trump. Alors que les manifestations anti-racistes se multiplient aux \u00c9tats-Unis depuis le d\u00e9c\u00e8s de George Floyd \u00e0 Minneapolis, Dwayne \u201cThe Rock\u201d Johnson se demande pourquoi le pr\u00e9sident am\u00e9ricain Donald Trump n\u2019appuie pas le mouvement \u201cBlack Lives&#8230;<\/p>\n","protected":false},"author":609,"featured_media":28756,"comment_status":"open","ping_status":"closed","sticky":false,"template":"","format":"standard","meta":{"footnotes":""},"categories":[30,4,23],"tags":[],"ppma_author":[295],"class_list":["post-28755","post","type-post","status-publish","format-standard","has-post-thumbnail","hentry","category-ex-wwe","category-news","category-wwe"],"authors":[{"term_id":295,"user_id":609,"is_guest":0,"slug":"rodrigo","display_name":"Rodrigue Tousignant","avatar_url":"https:\/\/secure.gravatar.com\/avatar\/51fe284bb6dbe8a6b4c2bf998ad658f4a9cd24b7e58f15ec85888070c7340ce6?s=96&d=mm&r=g","0":null,"1":"","2":"","3":"","4":"","5":"","6":"","7":"","8":""}],"_links":{"self":[{"href":"https:\/\/www.jdx.info\/lutte\/wp-json\/wp\/v2\/posts\/28755","targetHints":{"allow":["GET"]}}],"collection":[{"href":"https:\/\/www.jdx.info\/lutte\/wp-json\/wp\/v2\/posts"}],"about":[{"href":"https:\/\/www.jdx.info\/lutte\/wp-json\/wp\/v2\/types\/post"}],"author":[{"embeddable":true,"href":"https:\/\/www.jdx.info\/lutte\/wp-json\/wp\/v2\/users\/609"}],"replies":[{"embeddable":true,"href":"https:\/\/www.jdx.info\/lutte\/wp-json\/wp\/v2\/comments?post=28755"}],"version-history":[{"count":1,"href":"https:\/\/www.jdx.info\/lutte\/wp-json\/wp\/v2\/posts\/28755\/revisions"}],"predecessor-version":[{"id":28757,"href":"https:\/\/www.jdx.info\/lutte\/wp-json\/wp\/v2\/posts\/28755\/revisions\/28757"}],"wp:featuredmedia":[{"embeddable":true,"href":"https:\/\/www.jdx.info\/lutte\/wp-json\/wp\/v2\/media\/28756"}],"wp:attachment":[{"href":"https:\/\/www.jdx.info\/lutte\/wp-json\/wp\/v2\/media?parent=28755"}],"wp:term":[{"taxonomy":"category","embeddable":true,"href":"https:\/\/www.jdx.info\/lutte\/wp-json\/wp\/v2\/categories?post=28755"},{"taxonomy":"post_tag","embeddable":true,"href":"https:\/\/www.jdx.info\/lutte\/wp-json\/wp\/v2\/tags?post=28755"},{"taxonomy":"author","embeddable":true,"href":"https:\/\/www.jdx.info\/lutte\/wp-json\/wp\/v2\/ppma_author?post=28755"}],"curies":[{"name":"wp","href":"https:\/\/api.w.org\/{rel}","templated":true}]}}