{"id":27671,"date":"2020-05-19T16:44:06","date_gmt":"2020-05-19T20:44:06","guid":{"rendered":"http:\/\/www.jdx.info\/lutte\/?p=27671"},"modified":"2020-05-19T16:45:31","modified_gmt":"2020-05-19T20:45:31","slug":"vince-mcmahon-et-la-wwe-commente-la-disparition-de-shad-gaspard","status":"publish","type":"post","link":"https:\/\/www.jdx.info\/lutte\/2020\/05\/19\/vince-mcmahon-et-la-wwe-commente-la-disparition-de-shad-gaspard\/","title":{"rendered":"Vince McMahon Et La WWE Commente La Disparition De Shad Gaspard!"},"content":{"rendered":"\n<p>Le pr\u00e9sident de la WWE, Vince McMahon, s&rsquo;est rendu sur Twitter aujourd&rsquo;hui et a comment\u00e9 la disparition en mer de l&rsquo;ancienne superstar de la WWE, Shad Gaspard alors qu&rsquo;il nageait dans un fort courant pr\u00e8s de Venice Beach dimanche apr\u00e8s midi.<\/p>\n\n\n\n<blockquote class=\"wp-block-quote is-layout-flow wp-block-quote-is-layout-flow\"><p>\u00ab\u00a0Les pens\u00e9es de tout le monde \u00e0 la WWE sont avec la famille de Shad Gaspard pendant cette p\u00e9riode difficile\u00a0\u00bb, a \u00e9crit Vince.<\/p><\/blockquote>\n\n\n\n<p>La WWE a \u00e9galement publi\u00e9 une d\u00e9claration sur Twitter:<\/p>\n\n\n\n<blockquote class=\"wp-block-quote is-layout-flow wp-block-quote-is-layout-flow\"><p>\u00abLa WWE pense \u00e0 la famille de Shad Gaspard. Veuillez continuer \u00e0 le garder dans vos pens\u00e9es pendant cette p\u00e9riode difficile. \u00bb<\/p><\/blockquote>\n\n\n\n<p>Gaspard n&rsquo;a pas \u00e9t\u00e9 vu depuis qu&rsquo;une grosse vague l&rsquo;a plong\u00e9 sous l&rsquo;eau dimanche, juste apr\u00e8s qu&rsquo;il ait donn\u00e9 pour instructions aux sauveteurs de sauver son fils de 10 ans. <a href=\"https:\/\/www.jdx.info\/lutte\/2020\/05\/18\/un-ancien-de-la-wwe-disparait-dans-locean-lors-dune-baignade-avec-son-fils\/\" target=\"_blank\" rel=\"noreferrer noopener\" aria-label=\"Vous pouvez voir la couverture compl\u00e8te de l'incident en cliquant ici (s\u2019ouvre dans un nouvel onglet)\">Vous pouvez voir la couverture compl\u00e8te de l&rsquo;incident en cliquant ici<\/a>.<\/p>\n\n\n\n<p>Restez \u00e0 l&rsquo;\u00e9coute pour en savoir plus sur l&rsquo;incident de Gaspard. Vous pouvez voir le tweet complet de Vince ci-dessous, ainsi que la d\u00e9claration Twitter de la WWE et un segment de retour avec Vince et Cryme Tyme: <\/p>\n\n\n\n<center><blockquote class=\"twitter-tweet\"><p lang=\"en\" dir=\"ltr\">The thoughts of everyone at WWE are with Shad Gaspard\u2019s family during this difficult time. <a href=\"https:\/\/t.co\/dLRnF6oElX\">pic.twitter.com\/dLRnF6oElX<\/a><\/p>&mdash; Vince McMahon (@VinceMcMahon) <a href=\"https:\/\/twitter.com\/VinceMcMahon\/status\/1262838003820572673?ref_src=twsrc%5Etfw\">May 19, 2020<\/a><\/blockquote> <script async src=\"https:\/\/platform.twitter.com\/widgets.js\" charset=\"utf-8\"><\/script><blockquote class=\"twitter-tweet\"><p lang=\"en\" dir=\"ltr\">WWE\u2019s thoughts are with the family of Shad Gaspard. Please continue to keep them in your thoughts during this difficult time. <a href=\"https:\/\/t.co\/uBk0Qo9lXt\">pic.twitter.com\/uBk0Qo9lXt<\/a><\/p>&mdash; WWE (@WWE) <a href=\"https:\/\/twitter.com\/WWE\/status\/1262836621268967424?ref_src=twsrc%5Etfw\">May 19, 2020<\/a><\/blockquote> <script async src=\"https:\/\/platform.twitter.com\/widgets.js\" charset=\"utf-8\"><\/script>\n\n<p><script async=\"\" src=\"https:\/\/pagead2.googlesyndication.com\/pagead\/js\/adsbygoogle.js\"><\/script>\n<ins class=\"adsbygoogle\" style=\"display:block; text-align:center;\" data-ad-layout=\"in-article\" data-ad-format=\"fluid\" data-ad-client=\"ca-pub-1986975368136072\" data-ad-slot=\"7818521013\"><\/ins>\n<script>\n     (adsbygoogle = window.adsbygoogle || []).push({});\n<\/script><\/p><\/center>\n\n\n\n\n<p>Vous \u00eates libre  de suivre d\u00e8s maintenant Info-Lutte via notre <a href=\"https:\/\/www.facebook.com\/InfoLutte\/\">page Facebook <\/a>ou <a href=\"https:\/\/twitter.com\/InfoLutte\">Twitter @INFOLUTTE<\/a>. Et merci ne ne pas quitter sans visiter ce qui est autour du site  pour nous aider \u00e0 vous en offrir toujours plus, ici m\u00eame sur votre site pr\u00e9f\u00e9r\u00e9<\/p>\n\n\n\n<p><br>\nVous voulez faire parti de l&rsquo;\u00e9quipe, contactez moi via Facebook en <a href=\"https:\/\/www.facebook.com\/JasonDarkCashDescoteaux\/\">cliquant ici<\/a><\/p>\n\n\n\n<figure><iframe loading=\"lazy\" src=\"https:\/\/www.facebook.com\/plugins\/post.php?href=https%3A%2F%2Fwww.facebook.com%2FJasonDarkCashDescoteaux%2Fposts%2F2928607343839111&amp;width=500\" width=\"500\" height=\"287\"><\/iframe><\/figure>\n<p><\/p>","protected":false},"excerpt":{"rendered":"<p>Le pr\u00e9sident de la WWE, Vince McMahon, s&rsquo;est rendu sur Twitter aujourd&rsquo;hui et a comment\u00e9 la disparition en mer de l&rsquo;ancienne superstar de la WWE, Shad Gaspard alors qu&rsquo;il nageait dans un fort courant pr\u00e8s de Venice Beach dimanche apr\u00e8s midi. \u00ab\u00a0Les pens\u00e9es de tout le monde \u00e0 la WWE sont avec la famille de&#8230;<\/p>\n","protected":false},"author":2,"featured_media":27673,"comment_status":"open","ping_status":"closed","sticky":false,"template":"","format":"standard","meta":{"footnotes":""},"categories":[30,4,23],"tags":[],"ppma_author":[287],"class_list":["post-27671","post","type-post","status-publish","format-standard","has-post-thumbnail","hentry","category-ex-wwe","category-news","category-wwe"],"authors":[{"term_id":287,"user_id":2,"is_guest":0,"slug":"jason","display_name":"Jason Desc\u00f4teaux","avatar_url":"https:\/\/secure.gravatar.com\/avatar\/f64adf6d13198c3a532c061cecd8672089a1e9a3d07c702dffe886a7e55a15eb?s=96&d=mm&r=g","0":null,"1":"","2":"","3":"","4":"","5":"","6":"","7":"","8":""}],"_links":{"self":[{"href":"https:\/\/www.jdx.info\/lutte\/wp-json\/wp\/v2\/posts\/27671","targetHints":{"allow":["GET"]}}],"collection":[{"href":"https:\/\/www.jdx.info\/lutte\/wp-json\/wp\/v2\/posts"}],"about":[{"href":"https:\/\/www.jdx.info\/lutte\/wp-json\/wp\/v2\/types\/post"}],"author":[{"embeddable":true,"href":"https:\/\/www.jdx.info\/lutte\/wp-json\/wp\/v2\/users\/2"}],"replies":[{"embeddable":true,"href":"https:\/\/www.jdx.info\/lutte\/wp-json\/wp\/v2\/comments?post=27671"}],"version-history":[{"count":1,"href":"https:\/\/www.jdx.info\/lutte\/wp-json\/wp\/v2\/posts\/27671\/revisions"}],"predecessor-version":[{"id":27672,"href":"https:\/\/www.jdx.info\/lutte\/wp-json\/wp\/v2\/posts\/27671\/revisions\/27672"}],"wp:featuredmedia":[{"embeddable":true,"href":"https:\/\/www.jdx.info\/lutte\/wp-json\/wp\/v2\/media\/27673"}],"wp:attachment":[{"href":"https:\/\/www.jdx.info\/lutte\/wp-json\/wp\/v2\/media?parent=27671"}],"wp:term":[{"taxonomy":"category","embeddable":true,"href":"https:\/\/www.jdx.info\/lutte\/wp-json\/wp\/v2\/categories?post=27671"},{"taxonomy":"post_tag","embeddable":true,"href":"https:\/\/www.jdx.info\/lutte\/wp-json\/wp\/v2\/tags?post=27671"},{"taxonomy":"author","embeddable":true,"href":"https:\/\/www.jdx.info\/lutte\/wp-json\/wp\/v2\/ppma_author?post=27671"}],"curies":[{"name":"wp","href":"https:\/\/api.w.org\/{rel}","templated":true}]}}