{"id":27561,"date":"2020-05-18T17:11:56","date_gmt":"2020-05-18T21:11:56","guid":{"rendered":"http:\/\/www.jdx.info\/lutte\/?p=27561"},"modified":"2020-05-18T17:17:47","modified_gmt":"2020-05-18T21:17:47","slug":"la-wwe-et-john-cena-censure-les-memoires-des-bella-twins","status":"publish","type":"post","link":"https:\/\/www.jdx.info\/lutte\/2020\/05\/18\/la-wwe-et-john-cena-censure-les-memoires-des-bella-twins\/","title":{"rendered":"La WWE Et John Cena Censure Les M\u00e9moires Des Bella Twins!"},"content":{"rendered":"\n<p>Les Bella Twins \u00e9taient sur le podcast du \u00ab\u00a0Sunday Night&rsquo;s Main Event\u00a0\u00bb pour promouvoir leur nouveau livre sur leurs m\u00e9moires \u00ab\u00a0Incomparable\u00a0\u00bb qui est sorti sur les \u00e9tag\u00e8res le 5 mai. Nikki Bella a r\u00e9v\u00e9l\u00e9 que la WWE et son ancien petit-ami, John Cena avaient tous les deux des droits \u00e9ditoriaux sur le contenu qui les concernaient dans le livre.<\/p>\n\n\n\n<p>L&rsquo;intervieweur a not\u00e9 que Nikki devait signer un contrat concernant ce qu&rsquo;elle \u00e9crirait sur sa relation avec Cena. Cena avait \u00e9galement des droits \u00e9ditoriaux sur tout contenu o\u00f9 il \u00e9tait mentionn\u00e9. Cena a \u00e9t\u00e9 autoris\u00e9 \u00e0 lire le chapitre sur lui et avait le droit de faire des modifications s&rsquo;il trouvait le tout n\u00e9cessaire. <\/p>\n\n\n\n<p>On a demand\u00e9 \u00e0 Nikki si le fait que Cena avait le droit de modifier le contenu affectait la fa\u00e7on dont elle \u00e9crivait le livre, sachant qu&rsquo;il devait l&rsquo;approuver en premier.<\/p>\n\n\n\n<blockquote class=\"wp-block-quote is-layout-flow wp-block-quote-is-layout-flow\"><p> \u00ab\u00a0Je veux dire, bien s\u00fbr. C&rsquo;est d\u00e9finitivement\u2026 l&rsquo;\u00e9crire, ce truc m&rsquo;a travers\u00e9 l&rsquo;esprit, \u00e7a l&rsquo;a fait. Et je n&rsquo;ai jamais rien dit de mal \u00e0 propos de John. John et moi avons eu une belle relation. Avons-nous eu des probl\u00e8mes? Oui. Quelqu&rsquo;un en aura-t-il jamais? Non. Dans l&rsquo;ensemble, nous avons eu une si belle relation. \u00bb<\/p><\/blockquote>\n\n\n\n<p>Nikki a ensuite discut\u00e9 de la WWE qui avait des droits \u00e9ditoriaux. Elle a r\u00e9v\u00e9l\u00e9 qu&rsquo;ils avaient enlev\u00e9 quelques histoires de son projet final.<\/p>\n\n\n\n<blockquote class=\"wp-block-quote is-layout-flow wp-block-quote-is-layout-flow\"><p>\u00ab\u00a0Je veux dire que la WWE avait \u00e9galement des droits d&rsquo;\u00e9dition et a \u00e9galement enlev\u00e9 quelques histoires. Et je respecte cela. Je comprends que je ne suis pas une personne r\u00e9serv\u00e9 et certaines personnes aiment rester priv\u00e9es mais m\u00eame avec les trucs qui ont \u00e9t\u00e9 \u00e9dit\u00e9s avec John, il n\u2019y avait rien de vraiment mauvais.<\/p><\/blockquote>\n\n\n\n<blockquote class=\"wp-block-quote is-layout-flow wp-block-quote-is-layout-flow\"><p>\u00abJ&rsquo;aimerais juste pouvoir parler davantage de la raison pour laquelle je me suis retrouv\u00e9 l\u00e0 o\u00f9 je me suis retrouv\u00e9. J&rsquo;ai toujours l&rsquo;impression que les gens se demanderont toujours cela, et je pense que c&rsquo;est simplement parce que nous avons diffus\u00e9 notre relation sur la t\u00e9l\u00e9-r\u00e9alit\u00e9 pendant 5 ou 6 ans. Donc, je voulais raconter cette histoire, mais\u2026 oui, alors\u2026 \u00bb<\/p><\/blockquote>\n\n\n\n<p>On a ensuite demand\u00e9 \u00e0 Nikki si elle regrettait d&rsquo;avoir sign\u00e9 le contrat.<\/p>\n\n\n\n<blockquote class=\"wp-block-quote is-layout-flow wp-block-quote-is-layout-flow\"><p>\u00abTu sais, j&rsquo;\u00e9tais si jeune. J&rsquo;avais 20 ou 29 ans. Je ne le regrette pas parce que je comprends\u2026 m\u00eame maintenant je le comprends, je le ferais. Mais je repr\u00e9sente aussi le fait d&rsquo;\u00eatre une femme autonome et d&rsquo;utiliser ma voix, et donc ce sont les moments o\u00f9 je souhaiterais peut-\u00eatre que g\u00e9rer les choses un peu diff\u00e9remment \u00e0 cause de ce que je repr\u00e9sente maintenant et de ce que j&rsquo;ai toujours voulu repr\u00e9senter. Je me sens que parfois cela peut vous enlever votre voix, mais je ne regrette rien. \u00bb<\/p><\/blockquote>\n\n\n\n<p> \u00ab\u00a0Incomparable\u00a0\u00bb est sorti mardi le 5 mai dernier. Vous pouvez l&rsquo;acheter en ligne via Amazon et autre boutique en ligne. Le livre a \u00e9t\u00e9 publi\u00e9 par Gallery Books via Simon &amp; Schuster.<\/p>\n\n\n\n<center><p><script async=\"\" src=\"https:\/\/pagead2.googlesyndication.com\/pagead\/js\/adsbygoogle.js\"><\/script>\n<ins class=\"adsbygoogle\" style=\"display:block; text-align:center;\" data-ad-layout=\"in-article\" data-ad-format=\"fluid\" data-ad-client=\"ca-pub-1986975368136072\" data-ad-slot=\"7818521013\"><\/ins>\n<script>\n     (adsbygoogle = window.adsbygoogle || []).push({});\n<\/script><\/p><\/center>\n\n\n\n\n<p>Vous \u00eates libre  de suivre d\u00e8s maintenant Info-Lutte via notre <a href=\"https:\/\/www.facebook.com\/InfoLutte\/\">page Facebook <\/a>ou <a href=\"https:\/\/twitter.com\/InfoLutte\">Twitter @INFOLUTTE<\/a>. Et merci ne ne pas quitter sans visiter ce qui est autour du site  pour nous aider \u00e0 vous en offrir toujours plus, ici m\u00eame sur votre site pr\u00e9f\u00e9r\u00e9<\/p>\n\n\n\n<p><br>\nVous voulez faire parti de l&rsquo;\u00e9quipe, contactez moi via Facebook en <a href=\"https:\/\/www.facebook.com\/JasonDarkCashDescoteaux\/\">cliquant ici<\/a><\/p>\n\n\n\n<figure><iframe loading=\"lazy\" src=\"https:\/\/www.facebook.com\/plugins\/post.php?href=https%3A%2F%2Fwww.facebook.com%2FJasonDarkCashDescoteaux%2Fposts%2F2928607343839111&amp;width=500\" width=\"500\" height=\"287\"><\/iframe><\/figure>\n<p><\/p>","protected":false},"excerpt":{"rendered":"<p>Les Bella Twins \u00e9taient sur le podcast du \u00ab\u00a0Sunday Night&rsquo;s Main Event\u00a0\u00bb pour promouvoir leur nouveau livre sur leurs m\u00e9moires \u00ab\u00a0Incomparable\u00a0\u00bb qui est sorti sur les \u00e9tag\u00e8res le 5 mai. Nikki Bella a r\u00e9v\u00e9l\u00e9 que la WWE et son ancien petit-ami, John Cena avaient tous les deux des droits \u00e9ditoriaux sur le contenu qui les&#8230;<\/p>\n","protected":false},"author":2,"featured_media":27562,"comment_status":"open","ping_status":"closed","sticky":false,"template":"","format":"standard","meta":{"footnotes":""},"categories":[30,4,23],"tags":[],"ppma_author":[287],"class_list":["post-27561","post","type-post","status-publish","format-standard","has-post-thumbnail","hentry","category-ex-wwe","category-news","category-wwe"],"authors":[{"term_id":287,"user_id":2,"is_guest":0,"slug":"jason","display_name":"Jason Desc\u00f4teaux","avatar_url":"https:\/\/secure.gravatar.com\/avatar\/f64adf6d13198c3a532c061cecd8672089a1e9a3d07c702dffe886a7e55a15eb?s=96&d=mm&r=g","0":null,"1":"","2":"","3":"","4":"","5":"","6":"","7":"","8":""}],"_links":{"self":[{"href":"https:\/\/www.jdx.info\/lutte\/wp-json\/wp\/v2\/posts\/27561","targetHints":{"allow":["GET"]}}],"collection":[{"href":"https:\/\/www.jdx.info\/lutte\/wp-json\/wp\/v2\/posts"}],"about":[{"href":"https:\/\/www.jdx.info\/lutte\/wp-json\/wp\/v2\/types\/post"}],"author":[{"embeddable":true,"href":"https:\/\/www.jdx.info\/lutte\/wp-json\/wp\/v2\/users\/2"}],"replies":[{"embeddable":true,"href":"https:\/\/www.jdx.info\/lutte\/wp-json\/wp\/v2\/comments?post=27561"}],"version-history":[{"count":6,"href":"https:\/\/www.jdx.info\/lutte\/wp-json\/wp\/v2\/posts\/27561\/revisions"}],"predecessor-version":[{"id":27568,"href":"https:\/\/www.jdx.info\/lutte\/wp-json\/wp\/v2\/posts\/27561\/revisions\/27568"}],"wp:featuredmedia":[{"embeddable":true,"href":"https:\/\/www.jdx.info\/lutte\/wp-json\/wp\/v2\/media\/27562"}],"wp:attachment":[{"href":"https:\/\/www.jdx.info\/lutte\/wp-json\/wp\/v2\/media?parent=27561"}],"wp:term":[{"taxonomy":"category","embeddable":true,"href":"https:\/\/www.jdx.info\/lutte\/wp-json\/wp\/v2\/categories?post=27561"},{"taxonomy":"post_tag","embeddable":true,"href":"https:\/\/www.jdx.info\/lutte\/wp-json\/wp\/v2\/tags?post=27561"},{"taxonomy":"author","embeddable":true,"href":"https:\/\/www.jdx.info\/lutte\/wp-json\/wp\/v2\/ppma_author?post=27561"}],"curies":[{"name":"wp","href":"https:\/\/api.w.org\/{rel}","templated":true}]}}