{"id":27125,"date":"2020-05-11T17:46:48","date_gmt":"2020-05-11T21:46:48","guid":{"rendered":"http:\/\/www.jdx.info\/lutte\/?p=27125"},"modified":"2020-05-11T17:47:33","modified_gmt":"2020-05-11T21:47:33","slug":"la-wwe-sur-le-point-de-permettre-les-croisements-entre-raw-et-smackdown-details-sur-le-titre-intercontinental-et-plus","status":"publish","type":"post","link":"https:\/\/www.jdx.info\/lutte\/2020\/05\/11\/la-wwe-sur-le-point-de-permettre-les-croisements-entre-raw-et-smackdown-details-sur-le-titre-intercontinental-et-plus\/","title":{"rendered":"La WWE Sur Le Point De Permettre Les Croisements Entre RAW et Smackdown! D\u00e9tails Sur Le Titre Intercontinental, Et Plus!"},"content":{"rendered":"\n<p>Il semble que la WWE pourrait fusionner RAW et Smackdown pour faire qu&rsquo;un seul roster.<\/p>\n\n\n\n<p>La compagnie devrait introduire une d\u00e9cision sur le RAW de ce soir qui permettra un certain croisement entre la marque rouge et la marque bleue, selon POST Wrestling. L&rsquo;id\u00e9e est que ce sera une version plus simple de la r\u00e8gle Wild Card de l&rsquo;ann\u00e9e derni\u00e8re qui de toute \u00e9vidence, n&rsquo;avait pas bien \u00e9t\u00e9 accueillie par la plupart des fans.<\/p>\n\n\n\n<p>Il a \u00e9galement \u00e9t\u00e9 not\u00e9 que la nouvelle d\u00e9cision des deux premi\u00e8res marques devrait limiter au minimum les croisements de talents.<\/p>\n\n\n\n<p> Cette nouvelle d\u00e9cision intervient \u00e0 un moment o\u00f9 les ratings sont en baisse pour les deux \u00e9missions. L&rsquo;id\u00e9e des croisements est apparemment venue \u00e0 la demande de FOX et du USA Network.<\/p>\n\n\n\n<p>Sur une note connexe, la WWE devrait r\u00e9gler le statut du titre intercontinental WWE plus tard cette semaine, selon notre source. <\/p>\n\n\n\n<p>Le tout devrait se faire  probablement lors du SmackDown de ce vendredi \u00e0 FOX. Sami Zayn d\u00e9tient actuellement le titre mais est loin de l&rsquo;action de la WWE depuis les enregistrements de WrestleMania 36, \u200b\u200bo\u00f9 il a gard\u00e9 son titre contre Daniel Bryan. Il est champion depuis le WWE Elimination Chamber du 8 mars. Sa victoire \u00e0 WrestleMania a \u00e9t\u00e9 sa premi\u00e8re d\u00e9fense de titre.<\/p>\n\n\n\n<p>On pense que Zayn a d\u00e9cid\u00e9 de ne pas lutter pendant la pand\u00e9mie de  la COVID-19 en raison de ses pr\u00e9occupations. Il n&rsquo;\u00e9tait pas pr\u00e9sent pour les enregistrements r\u00e9cents au Performance Center. Comme nous l&rsquo;avons not\u00e9, la WWE aurait dit \u00e0 ses employ\u00e9s, il y a quelque temps qu&rsquo;ils n&rsquo;avaient pas \u00e0 travailler pendant la pand\u00e9mie du coronavirus s&rsquo;ils ne le voulaient pas et que leurs d\u00e9cisions ne seraient pas retenues contre eux dans l&rsquo;avenir.<\/p>\n<p><\/p>","protected":false},"excerpt":{"rendered":"<p>Il semble que la WWE pourrait fusionner RAW et Smackdown pour faire qu&rsquo;un seul roster. La compagnie devrait introduire une d\u00e9cision sur le RAW de ce soir qui permettra un certain croisement entre la marque rouge et la marque bleue, selon POST Wrestling. L&rsquo;id\u00e9e est que ce sera une version plus simple de la r\u00e8gle&#8230;<\/p>\n","protected":false},"author":4,"featured_media":27126,"comment_status":"open","ping_status":"closed","sticky":false,"template":"","format":"standard","meta":{"footnotes":""},"categories":[4,43,36,23],"tags":[],"ppma_author":[292],"class_list":["post-27125","post","type-post","status-publish","format-standard","has-post-thumbnail","hentry","category-news","category-raw-wwe","category-smackdown","category-wwe"],"authors":[{"term_id":292,"user_id":4,"is_guest":0,"slug":"jean","display_name":"Jean Vinnier","avatar_url":"https:\/\/secure.gravatar.com\/avatar\/33aba0263fd870a0b487e0e079ff407e10e3997c9d2987cbcc0db0db2c5c75a9?s=96&d=mm&r=g","0":null,"1":"","2":"","3":"","4":"","5":"","6":"","7":"","8":""}],"_links":{"self":[{"href":"https:\/\/www.jdx.info\/lutte\/wp-json\/wp\/v2\/posts\/27125","targetHints":{"allow":["GET"]}}],"collection":[{"href":"https:\/\/www.jdx.info\/lutte\/wp-json\/wp\/v2\/posts"}],"about":[{"href":"https:\/\/www.jdx.info\/lutte\/wp-json\/wp\/v2\/types\/post"}],"author":[{"embeddable":true,"href":"https:\/\/www.jdx.info\/lutte\/wp-json\/wp\/v2\/users\/4"}],"replies":[{"embeddable":true,"href":"https:\/\/www.jdx.info\/lutte\/wp-json\/wp\/v2\/comments?post=27125"}],"version-history":[{"count":1,"href":"https:\/\/www.jdx.info\/lutte\/wp-json\/wp\/v2\/posts\/27125\/revisions"}],"predecessor-version":[{"id":27127,"href":"https:\/\/www.jdx.info\/lutte\/wp-json\/wp\/v2\/posts\/27125\/revisions\/27127"}],"wp:featuredmedia":[{"embeddable":true,"href":"https:\/\/www.jdx.info\/lutte\/wp-json\/wp\/v2\/media\/27126"}],"wp:attachment":[{"href":"https:\/\/www.jdx.info\/lutte\/wp-json\/wp\/v2\/media?parent=27125"}],"wp:term":[{"taxonomy":"category","embeddable":true,"href":"https:\/\/www.jdx.info\/lutte\/wp-json\/wp\/v2\/categories?post=27125"},{"taxonomy":"post_tag","embeddable":true,"href":"https:\/\/www.jdx.info\/lutte\/wp-json\/wp\/v2\/tags?post=27125"},{"taxonomy":"author","embeddable":true,"href":"https:\/\/www.jdx.info\/lutte\/wp-json\/wp\/v2\/ppma_author?post=27125"}],"curies":[{"name":"wp","href":"https:\/\/api.w.org\/{rel}","templated":true}]}}