{"id":26356,"date":"2020-05-01T13:37:57","date_gmt":"2020-05-01T17:37:57","guid":{"rendered":"http:\/\/www.jdx.info\/lutte\/?p=26356"},"modified":"2020-05-01T13:38:00","modified_gmt":"2020-05-01T17:38:00","slug":"les-fans-peuvent-etre-de-retour-des-lundi-a-la-wwe-et-la-aew-mercredi-prochain","status":"publish","type":"post","link":"https:\/\/www.jdx.info\/lutte\/2020\/05\/01\/les-fans-peuvent-etre-de-retour-des-lundi-a-la-wwe-et-la-aew-mercredi-prochain\/","title":{"rendered":"Les Fans Peuvent \u00catre De Retour D\u00e8s Lundi \u00e0 la WWE et la AEW Mercredi Prochain!"},"content":{"rendered":"\n<p>La WWE et la AEW pourraient permettre aux fans de venir voir les show lors de leurs \u00e9v\u00e9nements en direct dans l&rsquo;\u00c9tat de Floride d\u00e8s la semaine prochaine, malgr\u00e9 la pand\u00e9mie du coronavirus.<\/p>\n\n\n\n<p>Le gouverneur de Floride DeSantis et son \u00abRe-Open Florida Task Force\u00bb ont publi\u00e9 un plan en trois phases pour d\u00e9-confiner l&rsquo;\u00c9tat, selon la section locale 10 de WPLG. <\/p>\n\n\n\n<p>La phase 1 d\u00e9butera lundi prochain pour une grande partie de la Floride, \u00e0 l&rsquo;exception de Miami-Dade , Les comt\u00e9s de Broward et Palm Beach.<\/p>\n\n\n\n<p>Le plan de la phase 1 stipule que les gens sont encourag\u00e9s \u00e0 ne pas se rassembler en groupes de plus de 10 personnes et les employeurs devraient continuer le t\u00e9l\u00e9travail et de d\u00e9pister les employ\u00e9s pour les sympt\u00f4mes de la COVID-19 s&rsquo;ils doivent se pr\u00e9senter au travail. <\/p>\n\n\n\n<p>En outre, il indique que les populations vuln\u00e9rables, y compris les personnes \u00e2g\u00e9es et les personnes ayant des probl\u00e8mes de sant\u00e9 subjacents, devraient rester \u00e0 la maison pendant la phase 1. <\/p>\n\n\n\n<p>Les bars, restaurants et bo\u00eetes de nuit sont autoris\u00e9s \u00e0 fonctionner \u00e0 50% de la capacit\u00e9 de construction. Les gymnases et les centres de fitness seront autoris\u00e9s \u00e0 fonctionner jusqu&rsquo;\u00e0 50% de la capacit\u00e9 de son b\u00e2timent. Alors que les parcs \u00e0 th\u00e8me resteront ferm\u00e9s, le rapport indique ce qui suit, qui pourrait inclure les deux compagnies majeurs du pro-wrestling toujours actives en ce moment:<\/p>\n\n\n\n<blockquote class=\"wp-block-quote is-layout-flow wp-block-quote-is-layout-flow\"><p><br> \u00abLes grands \u00e9v\u00e9nements sportifs destin\u00e9s aux spectateurs devraient utiliser des directives strictes en mati\u00e8re de distanciation sociale et limiter l&rsquo;occupation des sites \u00e0 25% des capacit\u00e9s.\u00bb<\/p><\/blockquote>\n\n\n\n<p>Cela pourrait indiquer que le groupe de travail permettra \u00e0 la WWE de limiter l&rsquo;occupation du Performance Center \u00e0 25% de la capacit\u00e9 et \u00e0 la AEW de limiter l&rsquo;occupation du Daily\u2019s pour ce m\u00eame pourcentage. <\/p>\n\n\n\n<p>Cependant, il n&rsquo;a pas \u00e9t\u00e9 confirm\u00e9 qu&rsquo;il y aura des fans autoris\u00e9s lors de la prochaine s\u00e9rie d&rsquo;\u00e9v\u00e9nements par aucune des deux compagnies pour le moment. La AEW devrait retourner au Daily\u2019s Place \u00e0 Jacksonville \u00e0 partir de mercredi prochain, tandis que la WWE devrait continuer au Performance Center d&rsquo;Orlando le lundi 11 mai.<\/p>\n\n\n\n<p>La phase 2 d\u00e9butera apr\u00e8s la conclusion de la phase 1, si elle est concluante.  Mais aucune date n&rsquo;a \u00e9t\u00e9 donn\u00e9e. Il n&rsquo;y avait aucune mention d&rsquo;\u00e9v\u00e9nements sportifs, selon la section locale 10 de WPLG, mais ces parcs pourraient envisager de rouvrir avec des limites de capacit\u00e9, une distanciation sociale stricte et des mesures appropri\u00e9es pour nettoyer et d\u00e9sinfecter pendant la phase 2. <\/p>\n\n\n\n<p>Les bars et les discoth\u00e8ques resteront \u00e0 50% des capacit\u00e9, mais les restaurants, les gymnases et les centres de fitness sont autoris\u00e9s jusqu&rsquo;\u00e0 75% dans le cadre de la deuxi\u00e8me phase.<\/p>\n\n\n\n<p>La phase 3 att\u00e9nuera un peu plus les restrictions mais le rapport sur les plans de la troisi\u00e8me phase ne contient pas beaucoup de d\u00e9tails \u00e0 ce moment ci. Les entreprises de services personnels, comme les salons de coiffure et les barbiers, sont autoris\u00e9es \u00e0 fonctionner \u00e0 pleine capacit\u00e9 dans le cadre de la phase 3, mais il existe des directives strictes \u00e0 suivre.<\/p>\n\n\n\n<p>Il sera int\u00e9ressant de voir si cela permet \u00e0 la WWE et \u00e0 AEW d&rsquo;avoir au moins quelques fans lors de leurs prochains \u00e9v\u00e9nements, et s&rsquo;ils en profitenteront. Restez \u00e0 l&rsquo;\u00e9coute pour les mises \u00e0 jour.<\/p>\n<p><\/p>","protected":false},"excerpt":{"rendered":"<p>La WWE et la AEW pourraient permettre aux fans de venir voir les show lors de leurs \u00e9v\u00e9nements en direct dans l&rsquo;\u00c9tat de Floride d\u00e8s la semaine prochaine, malgr\u00e9 la pand\u00e9mie du coronavirus. Le gouverneur de Floride DeSantis et son \u00abRe-Open Florida Task Force\u00bb ont publi\u00e9 un plan en trois phases pour d\u00e9-confiner l&rsquo;\u00c9tat, selon&#8230;<\/p>\n","protected":false},"author":4,"featured_media":26361,"comment_status":"open","ping_status":"closed","sticky":false,"template":"","format":"standard","meta":{"footnotes":""},"categories":[38,4,23],"tags":[],"ppma_author":[292],"class_list":["post-26356","post","type-post","status-publish","format-standard","has-post-thumbnail","hentry","category-aew","category-news","category-wwe"],"authors":[{"term_id":292,"user_id":4,"is_guest":0,"slug":"jean","display_name":"Jean Vinnier","avatar_url":"https:\/\/secure.gravatar.com\/avatar\/33aba0263fd870a0b487e0e079ff407e10e3997c9d2987cbcc0db0db2c5c75a9?s=96&d=mm&r=g","0":null,"1":"","2":"","3":"","4":"","5":"","6":"","7":"","8":""}],"_links":{"self":[{"href":"https:\/\/www.jdx.info\/lutte\/wp-json\/wp\/v2\/posts\/26356","targetHints":{"allow":["GET"]}}],"collection":[{"href":"https:\/\/www.jdx.info\/lutte\/wp-json\/wp\/v2\/posts"}],"about":[{"href":"https:\/\/www.jdx.info\/lutte\/wp-json\/wp\/v2\/types\/post"}],"author":[{"embeddable":true,"href":"https:\/\/www.jdx.info\/lutte\/wp-json\/wp\/v2\/users\/4"}],"replies":[{"embeddable":true,"href":"https:\/\/www.jdx.info\/lutte\/wp-json\/wp\/v2\/comments?post=26356"}],"version-history":[{"count":1,"href":"https:\/\/www.jdx.info\/lutte\/wp-json\/wp\/v2\/posts\/26356\/revisions"}],"predecessor-version":[{"id":26362,"href":"https:\/\/www.jdx.info\/lutte\/wp-json\/wp\/v2\/posts\/26356\/revisions\/26362"}],"wp:featuredmedia":[{"embeddable":true,"href":"https:\/\/www.jdx.info\/lutte\/wp-json\/wp\/v2\/media\/26361"}],"wp:attachment":[{"href":"https:\/\/www.jdx.info\/lutte\/wp-json\/wp\/v2\/media?parent=26356"}],"wp:term":[{"taxonomy":"category","embeddable":true,"href":"https:\/\/www.jdx.info\/lutte\/wp-json\/wp\/v2\/categories?post=26356"},{"taxonomy":"post_tag","embeddable":true,"href":"https:\/\/www.jdx.info\/lutte\/wp-json\/wp\/v2\/tags?post=26356"},{"taxonomy":"author","embeddable":true,"href":"https:\/\/www.jdx.info\/lutte\/wp-json\/wp\/v2\/ppma_author?post=26356"}],"curies":[{"name":"wp","href":"https:\/\/api.w.org\/{rel}","templated":true}]}}