{"id":26263,"date":"2020-04-29T17:16:52","date_gmt":"2020-04-29T21:16:52","guid":{"rendered":"http:\/\/www.jdx.info\/lutte\/?p=26263"},"modified":"2020-04-29T17:17:33","modified_gmt":"2020-04-29T21:17:33","slug":"maria-dit-ne-ne-jamais-dire-jamais-a-un-retour-a-la-wwe-elle-veut-changer-la-business-du-catch-et-plus","status":"publish","type":"post","link":"https:\/\/www.jdx.info\/lutte\/2020\/04\/29\/maria-dit-ne-ne-jamais-dire-jamais-a-un-retour-a-la-wwe-elle-veut-changer-la-business-du-catch-et-plus\/","title":{"rendered":"Maria Dit Ne Ne Jamais Dire Jamais \u00e0 Un Retour \u00e0 La WWE! Elle Veut Changer La Business Du Catch, et Plus!"},"content":{"rendered":"\n<p>Maria Kanellis fra\u00eechement lib\u00e9r\u00e9e par la WWE, a r\u00e9pondu \u00e0 quelques questions des fans pendant l&rsquo;\u00e9pisode de RAW lundi dernier via les r\u00e9seaux sociaux. On lui a demand\u00e9 s&rsquo;il est retournerait \u00e0 la WWE un jour.<\/p>\n\n\n\n<blockquote class=\"wp-block-quote is-layout-flow wp-block-quote-is-layout-flow\"><p>\u00ab\u00a0Ne dites jamais jamais mais mon objectif principal dans mon avenir est la coh\u00e9rence et la stabilit\u00e9 pour mes enfants\u00a0\u00bb<\/p><\/blockquote>\n\n\n\n<p>A r\u00e9pondu Maria, lib\u00e9r\u00e9e le 15 avril avec son mari Mike Bennett, dans le cadre des coupes COVID-19 de la WWE.<\/p>\n\n\n\n<p>Un autre fan a r\u00e9pondu et a demand\u00e9 \u00e0 Maria pourquoi elle essayait de \u00ab\u00a0voler la vedette\u00a0\u00bb le lundi soir en faisant des sessions de questions \/ r\u00e9ponses sur Twitter pendant que WWE RAW \u00e9tait \u00e0 la t\u00e9l\u00e9vision. Les fans ont rapidement saut\u00e9 \u00e0 la d\u00e9fense de Maria, et elle a fini \u00e0 y r\u00e9pondre \u00e9galement:<\/p>\n\n\n\n<blockquote class=\"wp-block-quote is-layout-flow wp-block-quote-is-layout-flow\"><p>\u00abSi je prends la vedette d&rsquo;une entreprise d&rsquo;un milliard de dollars en faisant des questions et r\u00e9ponses, ils ont un probl\u00e8me. Haha\u2026 c&rsquo;est l\u00e0 que les b\u00e9b\u00e9s s&rsquo;endorment. Il y a de la lutte tous les soirs et le lundi est la meilleure soir\u00e9e pour nous pour sortir notre podcast, donc je fais des questions et r\u00e9ponses. \u00bb<\/p><\/blockquote>\n\n\n\n<p>Mike et Maria ont r\u00e9cemment lanc\u00e9 leur podcast \u00abNon-Essential Wrestlers\u00bb apr\u00e8s avoir \u00e9t\u00e9 lib\u00e9r\u00e9s par la WWE, disponible sur Twitter \u00e0 @nonessentialwr1. Ils discutent de \u00abde lutte professionnel et de poopy\u00bb dans l&rsquo;\u00e9mission. Maria a r\u00e9v\u00e9l\u00e9 lors de la s\u00e9ance de questions-r\u00e9ponses de cette semaine que le podcast \u00e9tait son id\u00e9e.<\/p>\n\n\n\n<p>On a \u00e9galement demand\u00e9 \u00e0 Maria si la maternit\u00e9 change ce qu&rsquo;elle pense de l&rsquo;entreprise de lutte professionnelle. Elle a r\u00e9pondu: <\/p>\n\n\n\n<blockquote class=\"wp-block-quote is-layout-flow wp-block-quote-is-layout-flow\"><p>\u00abAller \u00e0 l&rsquo;universit\u00e9 a chang\u00e9 ce que je ressentais pour l&rsquo;entreprise. \u00catre renvoy\u00e9 deux fois de la WWE et pouss\u00e9 par tout le monde a chang\u00e9 ce que je ressentais pour l&rsquo;entreprise. Avoir des enfants m&rsquo;a fait travailler plus dur. \u00bb<\/p><\/blockquote>\n\n\n\n<p>On ne sait pas encore o\u00f9 Mike et Maria pourraient se diriger une fois leurs clauses de non-concurrence expir\u00e9es avec la WWE. close qui expire le 15 juillet. Maria a apparemment encore de grands r\u00eaves pour l&rsquo;entreprise du catch. Un autre fan lui a demand\u00e9 ce qu&rsquo;elle souhaitait accomplir de plus dans sa carri\u00e8re, et elle a r\u00e9pondu:<\/p>\n\n\n\n<blockquote class=\"wp-block-quote is-layout-flow wp-block-quote-is-layout-flow\"><p>\u00abChangez d&rsquo;entreprise\u00bb<\/p><\/blockquote>\n\n\n\n<center><p><script async=\"\" src=\"https:\/\/pagead2.googlesyndication.com\/pagead\/js\/adsbygoogle.js\"><\/script>\n<ins class=\"adsbygoogle\" style=\"display:block; text-align:center;\" data-ad-layout=\"in-article\" data-ad-format=\"fluid\" data-ad-client=\"ca-pub-1986975368136072\" data-ad-slot=\"7818521013\"><\/ins>\n<script>\n     (adsbygoogle = window.adsbygoogle || []).push({});\n<\/script><\/p><\/center>\n\n\n\n\n<p>Vous \u00eates libre  de suivre d\u00e8s maintenant Info-Lutte via notre <a href=\"https:\/\/www.facebook.com\/InfoLutte\/\">Nouvelle page Facebook <\/a>ou <a href=\"https:\/\/twitter.com\/InfoLutte\">Twitter @INFOLUTTE<\/a>. Et merci ne ne pas quitter sans visiter ce qui est autour du site  pour nous aider \u00e0 vous en offrir toujours plus, ici m\u00eame sur votre site pr\u00e9f\u00e9r\u00e9<\/p>\n\n\n\n<p><br>\nVous voulez faire parti de l&rsquo;\u00e9quipe, contactez moi via Facebook en <a href=\"https:\/\/www.facebook.com\/JasonDarkCashDescoteaux\/\">cliquant ici<\/a><\/p>\n\n\n\n<figure><iframe loading=\"lazy\" src=\"https:\/\/www.facebook.com\/plugins\/post.php?href=https%3A%2F%2Fwww.facebook.com%2FJasonDarkCashDescoteaux%2Fposts%2F2928607343839111&amp;width=500\" width=\"500\" height=\"287\"><\/iframe><\/figure>\n<p><\/p>","protected":false},"excerpt":{"rendered":"<p>Maria Kanellis fra\u00eechement lib\u00e9r\u00e9e par la WWE, a r\u00e9pondu \u00e0 quelques questions des fans pendant l&rsquo;\u00e9pisode de RAW lundi dernier via les r\u00e9seaux sociaux. On lui a demand\u00e9 s&rsquo;il est retournerait \u00e0 la WWE un jour. \u00ab\u00a0Ne dites jamais jamais mais mon objectif principal dans mon avenir est la coh\u00e9rence et la stabilit\u00e9 pour mes&#8230;<\/p>\n","protected":false},"author":2,"featured_media":26268,"comment_status":"open","ping_status":"closed","sticky":false,"template":"","format":"standard","meta":{"footnotes":""},"categories":[24,30,22,4,23],"tags":[],"ppma_author":[287],"class_list":["post-26263","post","type-post","status-publish","format-standard","has-post-thumbnail","hentry","category-aew-impact-njpw-roh","category-ex-wwe","category-indy","category-news","category-wwe"],"authors":[{"term_id":287,"user_id":2,"is_guest":0,"slug":"jason","display_name":"Jason Desc\u00f4teaux","avatar_url":"https:\/\/secure.gravatar.com\/avatar\/f64adf6d13198c3a532c061cecd8672089a1e9a3d07c702dffe886a7e55a15eb?s=96&d=mm&r=g","0":null,"1":"","2":"","3":"","4":"","5":"","6":"","7":"","8":""}],"_links":{"self":[{"href":"https:\/\/www.jdx.info\/lutte\/wp-json\/wp\/v2\/posts\/26263","targetHints":{"allow":["GET"]}}],"collection":[{"href":"https:\/\/www.jdx.info\/lutte\/wp-json\/wp\/v2\/posts"}],"about":[{"href":"https:\/\/www.jdx.info\/lutte\/wp-json\/wp\/v2\/types\/post"}],"author":[{"embeddable":true,"href":"https:\/\/www.jdx.info\/lutte\/wp-json\/wp\/v2\/users\/2"}],"replies":[{"embeddable":true,"href":"https:\/\/www.jdx.info\/lutte\/wp-json\/wp\/v2\/comments?post=26263"}],"version-history":[{"count":2,"href":"https:\/\/www.jdx.info\/lutte\/wp-json\/wp\/v2\/posts\/26263\/revisions"}],"predecessor-version":[{"id":26270,"href":"https:\/\/www.jdx.info\/lutte\/wp-json\/wp\/v2\/posts\/26263\/revisions\/26270"}],"wp:featuredmedia":[{"embeddable":true,"href":"https:\/\/www.jdx.info\/lutte\/wp-json\/wp\/v2\/media\/26268"}],"wp:attachment":[{"href":"https:\/\/www.jdx.info\/lutte\/wp-json\/wp\/v2\/media?parent=26263"}],"wp:term":[{"taxonomy":"category","embeddable":true,"href":"https:\/\/www.jdx.info\/lutte\/wp-json\/wp\/v2\/categories?post=26263"},{"taxonomy":"post_tag","embeddable":true,"href":"https:\/\/www.jdx.info\/lutte\/wp-json\/wp\/v2\/tags?post=26263"},{"taxonomy":"author","embeddable":true,"href":"https:\/\/www.jdx.info\/lutte\/wp-json\/wp\/v2\/ppma_author?post=26263"}],"curies":[{"name":"wp","href":"https:\/\/api.w.org\/{rel}","templated":true}]}}