{"id":26176,"date":"2020-04-28T13:05:01","date_gmt":"2020-04-28T17:05:01","guid":{"rendered":"http:\/\/www.jdx.info\/lutte\/?p=26176"},"modified":"2020-04-28T13:05:14","modified_gmt":"2020-04-28T17:05:14","slug":"il-semble-que-ce-soit-la-fin-pour-cain-velasquez-a-la-wwe","status":"publish","type":"post","link":"https:\/\/www.jdx.info\/lutte\/2020\/04\/28\/il-semble-que-ce-soit-la-fin-pour-cain-velasquez-a-la-wwe\/","title":{"rendered":"Il Semble Que Ce Soit La Fin Pour Cain Velasquez \u00e0 La WWE!"},"content":{"rendered":"\n<p>Vous, vous souviendrez que Cain Velasquez avait fait sa transition du MMA vers le Catch en allant au Mexique dans la f\u00e9d\u00e9ration de la AAA, avant de signer un contrat de plusieurs ann\u00e9es avec la WWE en fin d&rsquo;ann\u00e9e 2019. Un\u00a0face \u00e0 face avec Brock Lesnar en Arabie Saoudite\u00a0en octobre avant de dispara\u00eetre, en raison d&rsquo;une op\u00e9ration \u00e0 son genou qui c&rsquo;est pass\u00e9e avec succ\u00e8s. Maintenant pr\u00eat \u00e0 monter sur le ring, la WWE a d\u00e9cid\u00e9 de le laisser partir.<\/p>\n\n\n\n<p>Nous avons apprit que\u00a0la WWE avait r\u00e9cemment lib\u00e9r\u00e9 Cain Velasquez, lui qui avait laiss\u00e9 entrevoir un retour le mois dernier apr\u00e8s avoir\u00a0publi\u00e9 une photo au si\u00e8ge social\u00a0de la compagnie. La raison serait due aux derni\u00e8res mesures prises contre la crise li\u00e9e au Covid-19, et non pas \u00e0 cause de la photo qui a fait sursaut\u00e9 Vince McMahon car la photo le montrait lui et Ronda Rousey alors que la WWE pr\u00e9parait des retour surprise avant la crise.<\/p>\n\n\n\n<p> Il rejoint alors les autres Superstars renvoy\u00e9es de la WWE plus t\u00f4t ce mois-ci.<\/p>\n\n\n\n<p>Pour l&rsquo;instant,\u00a0ni la WWE ni Cain Velasquez n&rsquo;ont confirm\u00e9 cette rumeur, nous allons donc suivre le dossier pour vous!<\/p>\n<p><\/p>","protected":false},"excerpt":{"rendered":"<p>Vous, vous souviendrez que Cain Velasquez avait fait sa transition du MMA vers le Catch en allant au Mexique dans la f\u00e9d\u00e9ration de la AAA, avant de signer un contrat de plusieurs ann\u00e9es avec la WWE en fin d&rsquo;ann\u00e9e 2019. Un\u00a0face \u00e0 face avec Brock Lesnar en Arabie Saoudite\u00a0en octobre avant de dispara\u00eetre, en raison&#8230;<\/p>\n","protected":false},"author":4,"featured_media":26182,"comment_status":"open","ping_status":"closed","sticky":false,"template":"","format":"standard","meta":{"footnotes":""},"categories":[30,4,23],"tags":[],"ppma_author":[292],"class_list":["post-26176","post","type-post","status-publish","format-standard","has-post-thumbnail","hentry","category-ex-wwe","category-news","category-wwe"],"authors":[{"term_id":292,"user_id":4,"is_guest":0,"slug":"jean","display_name":"Jean Vinnier","avatar_url":"https:\/\/secure.gravatar.com\/avatar\/33aba0263fd870a0b487e0e079ff407e10e3997c9d2987cbcc0db0db2c5c75a9?s=96&d=mm&r=g","0":null,"1":"","2":"","3":"","4":"","5":"","6":"","7":"","8":""}],"_links":{"self":[{"href":"https:\/\/www.jdx.info\/lutte\/wp-json\/wp\/v2\/posts\/26176","targetHints":{"allow":["GET"]}}],"collection":[{"href":"https:\/\/www.jdx.info\/lutte\/wp-json\/wp\/v2\/posts"}],"about":[{"href":"https:\/\/www.jdx.info\/lutte\/wp-json\/wp\/v2\/types\/post"}],"author":[{"embeddable":true,"href":"https:\/\/www.jdx.info\/lutte\/wp-json\/wp\/v2\/users\/4"}],"replies":[{"embeddable":true,"href":"https:\/\/www.jdx.info\/lutte\/wp-json\/wp\/v2\/comments?post=26176"}],"version-history":[{"count":1,"href":"https:\/\/www.jdx.info\/lutte\/wp-json\/wp\/v2\/posts\/26176\/revisions"}],"predecessor-version":[{"id":26183,"href":"https:\/\/www.jdx.info\/lutte\/wp-json\/wp\/v2\/posts\/26176\/revisions\/26183"}],"wp:featuredmedia":[{"embeddable":true,"href":"https:\/\/www.jdx.info\/lutte\/wp-json\/wp\/v2\/media\/26182"}],"wp:attachment":[{"href":"https:\/\/www.jdx.info\/lutte\/wp-json\/wp\/v2\/media?parent=26176"}],"wp:term":[{"taxonomy":"category","embeddable":true,"href":"https:\/\/www.jdx.info\/lutte\/wp-json\/wp\/v2\/categories?post=26176"},{"taxonomy":"post_tag","embeddable":true,"href":"https:\/\/www.jdx.info\/lutte\/wp-json\/wp\/v2\/tags?post=26176"},{"taxonomy":"author","embeddable":true,"href":"https:\/\/www.jdx.info\/lutte\/wp-json\/wp\/v2\/ppma_author?post=26176"}],"curies":[{"name":"wp","href":"https:\/\/api.w.org\/{rel}","templated":true}]}}