{"id":26071,"date":"2020-04-27T15:34:12","date_gmt":"2020-04-27T19:34:12","guid":{"rendered":"http:\/\/www.jdx.info\/lutte\/?p=26071"},"modified":"2020-04-27T15:37:10","modified_gmt":"2020-04-27T19:37:10","slug":"un-match-de-championnat-pourrait-etre-compromit-a-la-wwe-pour-cause-dinconduite-sexuelle-avec-mineur","status":"publish","type":"post","link":"https:\/\/www.jdx.info\/lutte\/2020\/04\/27\/un-match-de-championnat-pourrait-etre-compromit-a-la-wwe-pour-cause-dinconduite-sexuelle-avec-mineur\/","title":{"rendered":"Un Match De Championnat Pourrait \u00catre Compromit \u00e0 La WWE Pour Cause d&rsquo;Inconduite Sexuelle Avec Mineur!"},"content":{"rendered":"\n<p>Accus\u00e9 d&rsquo;inconduite sexuelle avec des mineures la semaine derni\u00e8re sur les r\u00e9seaux sociaux,\u00a0Velveteen Dream avait r\u00e9pondu qu&rsquo;il avait \u00e9t\u00e9 victime d&rsquo;une personne malhonn\u00eate\u00a0qui aurait partag\u00e9 ses photos priv\u00e9es. On lui reproche d&rsquo;avoir envoy\u00e9 des photos de lui nu \u00e0 une mineure. <\/p>\n\n\n\n<p>\u00c0 l&rsquo;heure actuelle aucune accusation formelle n&rsquo;a \u00e9t\u00e9 d\u00e9pos\u00e9e et  Dream, n&rsquo;a pas donn\u00e9 de commentaires. <\/p>\n\n\n\n<p>Nos sources confirment que la WWE n&rsquo;a pas r\u00e9pondu ou comment\u00e9 le sujet alors qu&rsquo;ils ont demand\u00e9 un compl\u00e9ment d&rsquo;enqu\u00eate sur cette situation.<\/p>\n\n\n\n<p>Il sera donc int\u00e9ressant de voir si ce mercredi \u00e0 NXT, Velveteen Dream sera pr\u00e9sent ou pas au alors qu&rsquo;il doit \u00eatre du main event afin d&rsquo;affronter Adam Cole pour le championnat de NXT. <\/p>\n\n\n\n<p>Comme tout le monde reste silencieux dans cette histoire, il est impossible de savoir ce que le futur r\u00e9serve lui r\u00e9serve pour le moment.<br><\/p>\n<p><\/p>","protected":false},"excerpt":{"rendered":"<p>Accus\u00e9 d&rsquo;inconduite sexuelle avec des mineures la semaine derni\u00e8re sur les r\u00e9seaux sociaux,\u00a0Velveteen Dream avait r\u00e9pondu qu&rsquo;il avait \u00e9t\u00e9 victime d&rsquo;une personne malhonn\u00eate\u00a0qui aurait partag\u00e9 ses photos priv\u00e9es. On lui reproche d&rsquo;avoir envoy\u00e9 des photos de lui nu \u00e0 une mineure. \u00c0 l&rsquo;heure actuelle aucune accusation formelle n&rsquo;a \u00e9t\u00e9 d\u00e9pos\u00e9e et Dream, n&rsquo;a pas donn\u00e9&#8230;<\/p>\n","protected":false},"author":4,"featured_media":26079,"comment_status":"open","ping_status":"closed","sticky":false,"template":"","format":"standard","meta":{"footnotes":""},"categories":[4,23],"tags":[],"ppma_author":[292],"class_list":["post-26071","post","type-post","status-publish","format-standard","has-post-thumbnail","hentry","category-news","category-wwe"],"authors":[{"term_id":292,"user_id":4,"is_guest":0,"slug":"jean","display_name":"Jean Vinnier","avatar_url":"https:\/\/secure.gravatar.com\/avatar\/33aba0263fd870a0b487e0e079ff407e10e3997c9d2987cbcc0db0db2c5c75a9?s=96&d=mm&r=g","0":null,"1":"","2":"","3":"","4":"","5":"","6":"","7":"","8":""}],"_links":{"self":[{"href":"https:\/\/www.jdx.info\/lutte\/wp-json\/wp\/v2\/posts\/26071","targetHints":{"allow":["GET"]}}],"collection":[{"href":"https:\/\/www.jdx.info\/lutte\/wp-json\/wp\/v2\/posts"}],"about":[{"href":"https:\/\/www.jdx.info\/lutte\/wp-json\/wp\/v2\/types\/post"}],"author":[{"embeddable":true,"href":"https:\/\/www.jdx.info\/lutte\/wp-json\/wp\/v2\/users\/4"}],"replies":[{"embeddable":true,"href":"https:\/\/www.jdx.info\/lutte\/wp-json\/wp\/v2\/comments?post=26071"}],"version-history":[{"count":2,"href":"https:\/\/www.jdx.info\/lutte\/wp-json\/wp\/v2\/posts\/26071\/revisions"}],"predecessor-version":[{"id":26078,"href":"https:\/\/www.jdx.info\/lutte\/wp-json\/wp\/v2\/posts\/26071\/revisions\/26078"}],"wp:featuredmedia":[{"embeddable":true,"href":"https:\/\/www.jdx.info\/lutte\/wp-json\/wp\/v2\/media\/26079"}],"wp:attachment":[{"href":"https:\/\/www.jdx.info\/lutte\/wp-json\/wp\/v2\/media?parent=26071"}],"wp:term":[{"taxonomy":"category","embeddable":true,"href":"https:\/\/www.jdx.info\/lutte\/wp-json\/wp\/v2\/categories?post=26071"},{"taxonomy":"post_tag","embeddable":true,"href":"https:\/\/www.jdx.info\/lutte\/wp-json\/wp\/v2\/tags?post=26071"},{"taxonomy":"author","embeddable":true,"href":"https:\/\/www.jdx.info\/lutte\/wp-json\/wp\/v2\/ppma_author?post=26071"}],"curies":[{"name":"wp","href":"https:\/\/api.w.org\/{rel}","templated":true}]}}