{"id":26067,"date":"2020-04-27T14:31:32","date_gmt":"2020-04-27T18:31:32","guid":{"rendered":"http:\/\/www.jdx.info\/lutte\/?p=26067"},"modified":"2020-04-27T14:32:13","modified_gmt":"2020-04-27T18:32:13","slug":"le-coronavirus-va-permettre-la-feud-entre-jeff-hardy-et-sheamus-le-proces-encore-reporte","status":"publish","type":"post","link":"https:\/\/www.jdx.info\/lutte\/2020\/04\/27\/le-coronavirus-va-permettre-la-feud-entre-jeff-hardy-et-sheamus-le-proces-encore-reporte\/","title":{"rendered":"Le Coronavirus Va Permettre La \u00ab\u00a0Feud\u00a0\u00bb Entre Jeff Hardy et Sheamus! Le Proc\u00e8s Encore Report\u00e9!"},"content":{"rendered":"\n<p>La superstar de la WWE Jeff Hardy, devrait \u00eatre de retour dans une salle d&rsquo;audience du comt\u00e9 de Moore, en Caroline du Nord, le jeudi 16 juillet, pour r\u00e9pondre aux accusations de son arrestation le 3 octobre dernier.<\/p>\n\n\n\n<p>Le cas de Hardy a \u00e9t\u00e9 repouss\u00e9 jusqu&rsquo;au lundi 11 mai \u00e0 un moment donn\u00e9 en raison de la pand\u00e9mie de coronavirus mais la date a \u00e9t\u00e9 de nouveau repouss\u00e9e une fois de plus en raison de l&rsquo;\u00e9pid\u00e9mie.<\/p>\n\n\n\n<p> Le calendrier judiciaire du NC montre que Hardy devrait faire face \u00e0 des accusations de CFA et \u00e0 la r\u00e9vocation civile de 30 jours de son permis de conduire. Le proc\u00e8s aura donc lieu \u00e0 8h Est le 16 juillet dans la salle d&rsquo;audience #201 du comt\u00e9 de Moore.<\/p>\n\n\n\n<p>Hardy \u00e9tait sur la touche avec une blessure lorsqu&rsquo;il a \u00e9t\u00e9 arr\u00eat\u00e9 le 3 octobre 2019. <\/p>\n\n\n\n<p>Il est r\u00e9cemment revenu \u00e0 l&rsquo;action du c\u00f4t\u00e9 de Smackdown avec la WWE et semble se diriger vers une \u00ab\u00a0feud\u00a0\u00bb avec Sheamus. <\/p>\n\n\n\n<p>Les r\u00e9cents \u00e9pisodes de SmackDown sur FOX ont pr\u00e9sent\u00e9 une s\u00e9rie de vid\u00e9os sur les probl\u00e8mes de Hardy et son retour dans la compagnie.<\/p>\n\n\n\n<p> Le show de cette semaine mettra en vedette la quatri\u00e8me et derni\u00e8re partie de la s\u00e9rie, \u00abChapter Four: The Comeback\u00bb. <\/p>\n\n\n\n<p>Les 3 premi\u00e8res vid\u00e9os de la s\u00e9rie \u00e9taient The Rise, The Fall et The Redemption, qui ont \u00e9t\u00e9 diffus\u00e9es la semaine derni\u00e8re.<\/p>\n\n\n\n<p>Restez \u00e0 l&rsquo;aff\u00fbt des mises \u00e0 jour sur le dossier juridique de Hardy.<\/p>\n\n\n\n<center><p><script async=\"\" src=\"https:\/\/pagead2.googlesyndication.com\/pagead\/js\/adsbygoogle.js\"><\/script>\n<ins class=\"adsbygoogle\" style=\"display:block; text-align:center;\" data-ad-layout=\"in-article\" data-ad-format=\"fluid\" data-ad-client=\"ca-pub-1986975368136072\" data-ad-slot=\"7818521013\"><\/ins>\n<script>\n     (adsbygoogle = window.adsbygoogle || []).push({});\n<\/script><\/p><\/center>\n\n\n\n\n<p>Vous \u00eates libre  de suivre d\u00e8s maintenant Info-Lutte via notre <a href=\"https:\/\/www.facebook.com\/InfoLutte\/\">Nouvelle page Facebook <\/a>ou <a href=\"https:\/\/twitter.com\/InfoLutte\">Twitter @INFOLUTTE<\/a>. Et merci ne ne pas quitter sans visiter ce qui est autour du site  pour nous aider \u00e0 vous en offrir toujours plus, ici m\u00eame sur votre site pr\u00e9f\u00e9r\u00e9<\/p>\n\n\n\n<p><br>\nVous voulez faire parti de l&rsquo;\u00e9quipe, contactez moi via Facebook en <a href=\"https:\/\/www.facebook.com\/JasonDarkCashDescoteaux\/\">cliquant ici<\/a><\/p>\n\n\n\n<figure><iframe loading=\"lazy\" src=\"https:\/\/www.facebook.com\/plugins\/post.php?href=https%3A%2F%2Fwww.facebook.com%2FJasonDarkCashDescoteaux%2Fposts%2F2928607343839111&amp;width=500\" width=\"500\" height=\"287\"><\/iframe><\/figure>\n<p><\/p>","protected":false},"excerpt":{"rendered":"<p>La superstar de la WWE Jeff Hardy, devrait \u00eatre de retour dans une salle d&rsquo;audience du comt\u00e9 de Moore, en Caroline du Nord, le jeudi 16 juillet, pour r\u00e9pondre aux accusations de son arrestation le 3 octobre dernier. Le cas de Hardy a \u00e9t\u00e9 repouss\u00e9 jusqu&rsquo;au lundi 11 mai \u00e0 un moment donn\u00e9 en raison&#8230;<\/p>\n","protected":false},"author":2,"featured_media":26072,"comment_status":"open","ping_status":"closed","sticky":false,"template":"","format":"standard","meta":{"footnotes":""},"categories":[4,36,23],"tags":[],"ppma_author":[287],"class_list":["post-26067","post","type-post","status-publish","format-standard","has-post-thumbnail","hentry","category-news","category-smackdown","category-wwe"],"authors":[{"term_id":287,"user_id":2,"is_guest":0,"slug":"jason","display_name":"Jason Desc\u00f4teaux","avatar_url":"https:\/\/secure.gravatar.com\/avatar\/f64adf6d13198c3a532c061cecd8672089a1e9a3d07c702dffe886a7e55a15eb?s=96&d=mm&r=g","0":null,"1":"","2":"","3":"","4":"","5":"","6":"","7":"","8":""}],"_links":{"self":[{"href":"https:\/\/www.jdx.info\/lutte\/wp-json\/wp\/v2\/posts\/26067","targetHints":{"allow":["GET"]}}],"collection":[{"href":"https:\/\/www.jdx.info\/lutte\/wp-json\/wp\/v2\/posts"}],"about":[{"href":"https:\/\/www.jdx.info\/lutte\/wp-json\/wp\/v2\/types\/post"}],"author":[{"embeddable":true,"href":"https:\/\/www.jdx.info\/lutte\/wp-json\/wp\/v2\/users\/2"}],"replies":[{"embeddable":true,"href":"https:\/\/www.jdx.info\/lutte\/wp-json\/wp\/v2\/comments?post=26067"}],"version-history":[{"count":2,"href":"https:\/\/www.jdx.info\/lutte\/wp-json\/wp\/v2\/posts\/26067\/revisions"}],"predecessor-version":[{"id":26074,"href":"https:\/\/www.jdx.info\/lutte\/wp-json\/wp\/v2\/posts\/26067\/revisions\/26074"}],"wp:featuredmedia":[{"embeddable":true,"href":"https:\/\/www.jdx.info\/lutte\/wp-json\/wp\/v2\/media\/26072"}],"wp:attachment":[{"href":"https:\/\/www.jdx.info\/lutte\/wp-json\/wp\/v2\/media?parent=26067"}],"wp:term":[{"taxonomy":"category","embeddable":true,"href":"https:\/\/www.jdx.info\/lutte\/wp-json\/wp\/v2\/categories?post=26067"},{"taxonomy":"post_tag","embeddable":true,"href":"https:\/\/www.jdx.info\/lutte\/wp-json\/wp\/v2\/tags?post=26067"},{"taxonomy":"author","embeddable":true,"href":"https:\/\/www.jdx.info\/lutte\/wp-json\/wp\/v2\/ppma_author?post=26067"}],"curies":[{"name":"wp","href":"https:\/\/api.w.org\/{rel}","templated":true}]}}