{"id":25582,"date":"2020-04-20T12:22:34","date_gmt":"2020-04-20T16:22:34","guid":{"rendered":"http:\/\/www.jdx.info\/lutte\/?p=25582"},"modified":"2020-04-20T17:36:46","modified_gmt":"2020-04-20T21:36:46","slug":"des-precision-sur-la-mort-du-legendaire-annonceur-de-la-wwe-howard-finkel","status":"publish","type":"post","link":"https:\/\/www.jdx.info\/lutte\/2020\/04\/20\/des-precision-sur-la-mort-du-legendaire-annonceur-de-la-wwe-howard-finkel\/","title":{"rendered":"Des Pr\u00e9cisions Sur la Mort du L\u00e9gendaire Annonceur de la WWE Howard Finkel!"},"content":{"rendered":"\n<p>Tommy Dreamer est r\u00e9cemment apparu sur Busted Open Radio et a discut\u00e9 du r\u00e9cent d\u00e9c\u00e8s du l\u00e9gendaire Howard Finkel, d\u00e9c\u00e9d\u00e9 \u00e0 l&rsquo;\u00e2ge de 69 ans la semaine derni\u00e8re.<\/p>\n\n\n\n<p>Dreamer a rejet\u00e9 les informations selon lesquelles The Fink est d\u00e9c\u00e9d\u00e9 d&rsquo;un accident vasculaire c\u00e9r\u00e9bral.<\/p>\n\n\n\n<p>\u00abBeaucoup de gens ont dit que Howard avait eu un accident vasculaire c\u00e9r\u00e9bral. Howard n&rsquo;a pas eu d&rsquo;accident vasculaire c\u00e9r\u00e9bral. Howard avait une maladie c\u00e9r\u00e9brale g\u00e9n\u00e9tique rare. Son cerveau r\u00e9tr\u00e9cissait et je d\u00e9teste \u00e7a parce que tout le monde pense au Fink et qu&rsquo;il perdait lentement la t\u00eate. Il avait des signes ressemblant \u00e0 des accidents vasculaires c\u00e9r\u00e9braux mais il continuait de r\u00e9gresser \u00e0 cause de son cerveau. Je n&rsquo;ai pas post\u00e9 de photos de nous sur les r\u00e9seaux sociaux. Je les ai pris tout le temps pour lui rendre visite, mais Howard \u00e9tait tellement fier. Il ne voulait pas que les gens sachent qu&rsquo;il \u00e9tait malade. Il ne voulait pas que les gens se sentent d\u00e9sol\u00e9s pour lui. Il \u00e9tait litt\u00e9ralement assis l\u00e0 \u00e0 regarder le match des Mets jusqu&rsquo;\u00e0 ce qu&rsquo;il soit l&rsquo;heure de regarder la lutte. \u00bb<\/p>\n\n\n\n<p>\u00abJ&rsquo;ai publi\u00e9 une photo hier soir sur les r\u00e9seaux sociaux et tout le monde n&rsquo;arr\u00eatait pas de me frapper sur la note par-dessus mon \u00e9paule. Je suis retourn\u00e9 et j&rsquo;ai regard\u00e9, et c&rsquo;est \u00e0 ce moment qu&rsquo;Howard \u00e9tait en mauvais \u00e9tat. Malheureusement, Howard ne pouvait plus utiliser un t\u00e9l\u00e9phone portable \u00e0 cause de ses mains. Si vous lui tendiez le t\u00e9l\u00e9phone, ce que je fessais \u00e0 chaque fois que je le visitait, je faisais des FaceTime avec Justin (Credible). La note m\u00e9dicale de Howard au-dessus de mon \u00e9paule a dit, veuillez diffuser la cha\u00eene 43 \u00e0 20 heures. le lundi soir. La lutte est lanc\u00e9e. C&rsquo;\u00e9tait sa note m\u00e9dicale. Il nous aimait. Nous \u00e9tions sa famille. C\u2019est tout ce qu\u2019il avait. Il adorait se produire devant les fans et il nous aimait, sans condition. \u00bb<\/p>\n\n\n\n<center><blockquote class=\"twitter-tweet\"><p lang=\"en\" dir=\"ltr\">WOW THANKS <a href=\"https:\/\/twitter.com\/TheMattCamp?ref_src=twsrc%5Etfw\">@TheMattCamp<\/a> for pointing it out<br>Howard couldnt operate remote control or phone properly<br>Look at the note for Howard&#39;s medical needs behind me<br>#1 Employee till the end<a href=\"https:\/\/twitter.com\/StephMcMahon?ref_src=twsrc%5Etfw\">@StephMcMahon<\/a> <a href=\"https:\/\/twitter.com\/WWERomanReigns?ref_src=twsrc%5Etfw\">@WWERomanReigns<\/a> <a href=\"https:\/\/t.co\/W3fgVv5f9L\">pic.twitter.com\/W3fgVv5f9L<\/a><\/p>&mdash; Tommy Dreamer (@THETOMMYDREAMER) <a href=\"https:\/\/twitter.com\/THETOMMYDREAMER\/status\/1250995036763947008?ref_src=twsrc%5Etfw\">April 17, 2020<\/a><\/blockquote> <script async src=\"https:\/\/platform.twitter.com\/widgets.js\" charset=\"utf-8\"><\/script>\n<p><\/p>","protected":false},"excerpt":{"rendered":"<p>Tommy Dreamer est r\u00e9cemment apparu sur Busted Open Radio et a discut\u00e9 du r\u00e9cent d\u00e9c\u00e8s du l\u00e9gendaire Howard Finkel, d\u00e9c\u00e9d\u00e9 \u00e0 l&rsquo;\u00e2ge de 69 ans la semaine derni\u00e8re. Dreamer a rejet\u00e9 les informations selon lesquelles The Fink est d\u00e9c\u00e9d\u00e9 d&rsquo;un accident vasculaire c\u00e9r\u00e9bral. \u00abBeaucoup de gens ont dit que Howard avait eu un accident vasculaire&#8230;<\/p>\n","protected":false},"author":4,"featured_media":25585,"comment_status":"open","ping_status":"closed","sticky":false,"template":"","format":"standard","meta":{"footnotes":""},"categories":[30,4],"tags":[],"ppma_author":[292],"class_list":["post-25582","post","type-post","status-publish","format-standard","has-post-thumbnail","hentry","category-ex-wwe","category-news"],"authors":[{"term_id":292,"user_id":4,"is_guest":0,"slug":"jean","display_name":"Jean Vinnier","avatar_url":"https:\/\/secure.gravatar.com\/avatar\/33aba0263fd870a0b487e0e079ff407e10e3997c9d2987cbcc0db0db2c5c75a9?s=96&d=mm&r=g","0":null,"1":"","2":"","3":"","4":"","5":"","6":"","7":"","8":""}],"_links":{"self":[{"href":"https:\/\/www.jdx.info\/lutte\/wp-json\/wp\/v2\/posts\/25582","targetHints":{"allow":["GET"]}}],"collection":[{"href":"https:\/\/www.jdx.info\/lutte\/wp-json\/wp\/v2\/posts"}],"about":[{"href":"https:\/\/www.jdx.info\/lutte\/wp-json\/wp\/v2\/types\/post"}],"author":[{"embeddable":true,"href":"https:\/\/www.jdx.info\/lutte\/wp-json\/wp\/v2\/users\/4"}],"replies":[{"embeddable":true,"href":"https:\/\/www.jdx.info\/lutte\/wp-json\/wp\/v2\/comments?post=25582"}],"version-history":[{"count":2,"href":"https:\/\/www.jdx.info\/lutte\/wp-json\/wp\/v2\/posts\/25582\/revisions"}],"predecessor-version":[{"id":25606,"href":"https:\/\/www.jdx.info\/lutte\/wp-json\/wp\/v2\/posts\/25582\/revisions\/25606"}],"wp:featuredmedia":[{"embeddable":true,"href":"https:\/\/www.jdx.info\/lutte\/wp-json\/wp\/v2\/media\/25585"}],"wp:attachment":[{"href":"https:\/\/www.jdx.info\/lutte\/wp-json\/wp\/v2\/media?parent=25582"}],"wp:term":[{"taxonomy":"category","embeddable":true,"href":"https:\/\/www.jdx.info\/lutte\/wp-json\/wp\/v2\/categories?post=25582"},{"taxonomy":"post_tag","embeddable":true,"href":"https:\/\/www.jdx.info\/lutte\/wp-json\/wp\/v2\/tags?post=25582"},{"taxonomy":"author","embeddable":true,"href":"https:\/\/www.jdx.info\/lutte\/wp-json\/wp\/v2\/ppma_author?post=25582"}],"curies":[{"name":"wp","href":"https:\/\/api.w.org\/{rel}","templated":true}]}}