{"id":25130,"date":"2020-04-13T18:45:50","date_gmt":"2020-04-13T22:45:50","guid":{"rendered":"http:\/\/www.jdx.info\/lutte\/?p=25130"},"modified":"2020-04-13T18:48:16","modified_gmt":"2020-04-13T22:48:16","slug":"the-rock-heureux-du-succes-de-la-aew","status":"publish","type":"post","link":"https:\/\/www.jdx.info\/lutte\/2020\/04\/13\/the-rock-heureux-du-succes-de-la-aew\/","title":{"rendered":"The Rock Heureux Du Succ\u00e8s De La AEW!"},"content":{"rendered":"\n<p>Ce n&rsquo;est pas la premi\u00e8re fois que Dwayne The Rock Johnson parle de la All Elite Wrestling. Il en a d\u00e9j\u00e0 parl\u00e9 \u00e0 quelques occasions en texte via Twitter, mais aujourd&rsquo;hui c&rsquo;est la premi\u00e8re fois qu&rsquo;il en parle de vive voix dans une vid\u00e9o.<\/p>\n\n\n\n<p>L&rsquo;ancien champion de la WWE qui travail maintenant pour le cin\u00e9ma, effectuait une s\u00e9ance de Q&amp;R sur son Instagram et un fan lui a demand\u00e9 s&rsquo;il regardait l&rsquo;AEW et sa r\u00e9ponse fut oui, il dit :<\/p>\n\n\n\n<blockquote class=\"wp-block-quote is-layout-flow wp-block-quote-is-layout-flow\"><p>\u00a0\u00bbOui je regarde la AEW, bien s\u00fbr que oui. Je suis tr\u00e8s heureux pour le succ\u00e8s de cette compagnie car c&rsquo;est toujours une bonne chose et \u00e7a cr\u00e9\u00e9 de la comp\u00e9tition, ce qui est bien.\u00a0\u00bb<\/p><\/blockquote>\n\n\n\n<p>Une belle visibilit\u00e9 pour la compagnie dirig\u00e9 par Cody Rhodes et les Young Bucks. Voyons voir si cela leur donnera un coup de main ce mercredi pour les ratings de Dynamite.<\/p>\n\n\n\n<p>Ci dessous nous avons l&rsquo;extrait en question. Merci d&rsquo;en profiter de faire une petite visite entre les deux, ce qui nous aide \u00e0 vous en donner toujours plus.<\/p>\n\n\n\n<center><p><script async=\"\" src=\"https:\/\/pagead2.googlesyndication.com\/pagead\/js\/adsbygoogle.js\"><\/script>\n<ins class=\"adsbygoogle\" style=\"display:block; text-align:center;\" data-ad-layout=\"in-article\" data-ad-format=\"fluid\" data-ad-client=\"ca-pub-1986975368136072\" data-ad-slot=\"7818521013\"><\/ins>\n<script>\n     (adsbygoogle = window.adsbygoogle || []).push({});\n<\/script><\/p>\n\n<blockquote class=\"twitter-tweet\"><p lang=\"en\" dir=\"ltr\">Rock on if he misses wrestling. <a href=\"https:\/\/t.co\/MtI2hh9O89\">pic.twitter.com\/MtI2hh9O89<\/a><\/p>&mdash; Danny (@dajosc11) <a href=\"https:\/\/twitter.com\/dajosc11\/status\/1249562140484255745?ref_src=twsrc%5Etfw\">April 13, 2020<\/a><\/blockquote> <script async src=\"https:\/\/platform.twitter.com\/widgets.js\" charset=\"utf-8\"><\/script>\n<\/center>\n\n<p><\/p>","protected":false},"excerpt":{"rendered":"<p>Ce n&rsquo;est pas la premi\u00e8re fois que Dwayne The Rock Johnson parle de la All Elite Wrestling. Il en a d\u00e9j\u00e0 parl\u00e9 \u00e0 quelques occasions en texte via Twitter, mais aujourd&rsquo;hui c&rsquo;est la premi\u00e8re fois qu&rsquo;il en parle de vive voix dans une vid\u00e9o. L&rsquo;ancien champion de la WWE qui travail maintenant pour le cin\u00e9ma,&#8230;<\/p>\n","protected":false},"author":4,"featured_media":25133,"comment_status":"open","ping_status":"closed","sticky":false,"template":"","format":"standard","meta":{"footnotes":""},"categories":[38,30,4],"tags":[],"ppma_author":[292],"class_list":["post-25130","post","type-post","status-publish","format-standard","has-post-thumbnail","hentry","category-aew","category-ex-wwe","category-news"],"authors":[{"term_id":292,"user_id":4,"is_guest":0,"slug":"jean","display_name":"Jean Vinnier","avatar_url":"https:\/\/secure.gravatar.com\/avatar\/33aba0263fd870a0b487e0e079ff407e10e3997c9d2987cbcc0db0db2c5c75a9?s=96&d=mm&r=g","0":null,"1":"","2":"","3":"","4":"","5":"","6":"","7":"","8":""}],"_links":{"self":[{"href":"https:\/\/www.jdx.info\/lutte\/wp-json\/wp\/v2\/posts\/25130","targetHints":{"allow":["GET"]}}],"collection":[{"href":"https:\/\/www.jdx.info\/lutte\/wp-json\/wp\/v2\/posts"}],"about":[{"href":"https:\/\/www.jdx.info\/lutte\/wp-json\/wp\/v2\/types\/post"}],"author":[{"embeddable":true,"href":"https:\/\/www.jdx.info\/lutte\/wp-json\/wp\/v2\/users\/4"}],"replies":[{"embeddable":true,"href":"https:\/\/www.jdx.info\/lutte\/wp-json\/wp\/v2\/comments?post=25130"}],"version-history":[{"count":2,"href":"https:\/\/www.jdx.info\/lutte\/wp-json\/wp\/v2\/posts\/25130\/revisions"}],"predecessor-version":[{"id":25135,"href":"https:\/\/www.jdx.info\/lutte\/wp-json\/wp\/v2\/posts\/25130\/revisions\/25135"}],"wp:featuredmedia":[{"embeddable":true,"href":"https:\/\/www.jdx.info\/lutte\/wp-json\/wp\/v2\/media\/25133"}],"wp:attachment":[{"href":"https:\/\/www.jdx.info\/lutte\/wp-json\/wp\/v2\/media?parent=25130"}],"wp:term":[{"taxonomy":"category","embeddable":true,"href":"https:\/\/www.jdx.info\/lutte\/wp-json\/wp\/v2\/categories?post=25130"},{"taxonomy":"post_tag","embeddable":true,"href":"https:\/\/www.jdx.info\/lutte\/wp-json\/wp\/v2\/tags?post=25130"},{"taxonomy":"author","embeddable":true,"href":"https:\/\/www.jdx.info\/lutte\/wp-json\/wp\/v2\/ppma_author?post=25130"}],"curies":[{"name":"wp","href":"https:\/\/api.w.org\/{rel}","templated":true}]}}