{"id":24148,"date":"2020-04-01T16:36:22","date_gmt":"2020-04-01T20:36:22","guid":{"rendered":"http:\/\/www.jdx.info\/lutte\/?p=24148"},"modified":"2020-04-01T16:50:06","modified_gmt":"2020-04-01T20:50:06","slug":"la-rumeur-dune-pause-a-la-wwe-prend-de-lempleure-suite-a-une-annonce-de-letat-de-la-floride","status":"publish","type":"post","link":"https:\/\/www.jdx.info\/lutte\/2020\/04\/01\/la-rumeur-dune-pause-a-la-wwe-prend-de-lempleure-suite-a-une-annonce-de-letat-de-la-floride\/","title":{"rendered":"La Rumeur D&rsquo;Une Pause \u00e0 La WWE Prend De L&rsquo;Empleure Suite \u00e0 Une Annonce de L&rsquo;\u00c9tat de la Floride!"},"content":{"rendered":"\n<p>La rumeur est de plus en plus forte concernant le fait que la WWE pourrait se voir forc\u00e9 de prendre une pause dans ses \u00e9missions de t\u00e9l\u00e9 en direct, RAW, Smackdown et NXT.<\/p>\n\n\n\n<p>Le gouverneur de la Floride, Ron DeSantis, a \u00e9mis aujourd&rsquo;hui une ordonnance de s\u00e9jour \u00e0 domicile pour l&rsquo;ensemble de l&rsquo;\u00c9tat alors qu&rsquo;ils cherchent \u00e0 ralentir l&rsquo;\u00e9pid\u00e9mie de la COVID-19. Cela pourrait signifier plus d&rsquo;impact sur les horaires de la WWE et de la AEW, qui ont d\u00e9j\u00e0 \u00e9t\u00e9 consid\u00e9rablement modifi\u00e9s au cours des derni\u00e8res semaines en raison de la pand\u00e9mie. Dans le cas de la AEW, rappelons qu&rsquo;ils auraient une autre salle mais nous ne savons pas encore o\u00f9.<\/p>\n\n\n\n<p>Suite \u00e0 cette annonce, il y a eut beaucoup des rumeur sur une \u00e9ventuelle interruption pour les enregistrement au WWE Performance Center la semaine derni\u00e8re. Le tout est parti sur le fait que si l&rsquo;\u00c9tat de Floride \u00e9mettait l&rsquo;ordre de rester \u00e0 la maison, ce qu&rsquo;ils ont fait aujourd&rsquo;hui,  la WWE envisagerait de faire une pause apr\u00e8s WrestleMania 36, \u200b\u200bqui sera diffus\u00e9 ce week-end quoi qu&rsquo;il arrive puisqu&rsquo;il est enregistr\u00e9.<\/p>\n\n\n\n<p> En ce qui concerne la rupture potentielle, il a \u00e9t\u00e9 not\u00e9 que s&rsquo;ils progressent avec un cong\u00e9 alors certaines des s\u00e9quences film\u00e9es au WWE Performance Center ne seront pas diffus\u00e9es. Il a \u00e9t\u00e9 signal\u00e9 que le post-WrestleMania 36 RAW du 6 avril a d\u00e9j\u00e0 \u00e9t\u00e9 film\u00e9, tout comme l&rsquo;\u00e9dition du 8 avril de WWE NXT. On pensait que l&rsquo;\u00e9pisode de SmackDown sur FOX du 10 avril pouvait se faire en direct du WWE Performance Center, mais cela n&rsquo;a pas \u00e9t\u00e9 confirm\u00e9, et fait partie de cette rumeur de pause.<\/p>\n\n\n\n<p>Il est important de noter que les cong\u00e9s possibles pour la WWE ne sont que des rumeurs \u00e0 ce stade ci et rien n&rsquo;est officiel sur la base des discussions qui ont eu lieu dans le Performance Center la semaine derni\u00e8re. Tout est encore dans l&rsquo;air et \u00ab\u00e0 d\u00e9terminer\u00bb \u00e0 ce stade.<\/p>\n\n\n\n<p>L&rsquo;ordre de s\u00e9jour \u00e0 domicile de la Floride entrera en vigueur ce jeudi \u00e0 minuit et durera au moins 30 jours.<\/p>\n\n\n\n<p>Restez \u00e0 l&rsquo;\u00e9coute pour des mises \u00e0 jour sur la situation.<\/p>\n<p><\/p>","protected":false},"excerpt":{"rendered":"<p>La rumeur est de plus en plus forte concernant le fait que la WWE pourrait se voir forc\u00e9 de prendre une pause dans ses \u00e9missions de t\u00e9l\u00e9 en direct, RAW, Smackdown et NXT. Le gouverneur de la Floride, Ron DeSantis, a \u00e9mis aujourd&rsquo;hui une ordonnance de s\u00e9jour \u00e0 domicile pour l&rsquo;ensemble de l&rsquo;\u00c9tat alors qu&rsquo;ils&#8230;<\/p>\n","protected":false},"author":4,"featured_media":23717,"comment_status":"open","ping_status":"closed","sticky":false,"template":"","format":"standard","meta":{"footnotes":""},"categories":[4,23],"tags":[],"ppma_author":[292],"class_list":["post-24148","post","type-post","status-publish","format-standard","has-post-thumbnail","hentry","category-news","category-wwe"],"authors":[{"term_id":292,"user_id":4,"is_guest":0,"slug":"jean","display_name":"Jean Vinnier","avatar_url":"https:\/\/secure.gravatar.com\/avatar\/33aba0263fd870a0b487e0e079ff407e10e3997c9d2987cbcc0db0db2c5c75a9?s=96&d=mm&r=g","0":null,"1":"","2":"","3":"","4":"","5":"","6":"","7":"","8":""}],"_links":{"self":[{"href":"https:\/\/www.jdx.info\/lutte\/wp-json\/wp\/v2\/posts\/24148","targetHints":{"allow":["GET"]}}],"collection":[{"href":"https:\/\/www.jdx.info\/lutte\/wp-json\/wp\/v2\/posts"}],"about":[{"href":"https:\/\/www.jdx.info\/lutte\/wp-json\/wp\/v2\/types\/post"}],"author":[{"embeddable":true,"href":"https:\/\/www.jdx.info\/lutte\/wp-json\/wp\/v2\/users\/4"}],"replies":[{"embeddable":true,"href":"https:\/\/www.jdx.info\/lutte\/wp-json\/wp\/v2\/comments?post=24148"}],"version-history":[{"count":1,"href":"https:\/\/www.jdx.info\/lutte\/wp-json\/wp\/v2\/posts\/24148\/revisions"}],"predecessor-version":[{"id":24150,"href":"https:\/\/www.jdx.info\/lutte\/wp-json\/wp\/v2\/posts\/24148\/revisions\/24150"}],"wp:featuredmedia":[{"embeddable":true,"href":"https:\/\/www.jdx.info\/lutte\/wp-json\/wp\/v2\/media\/23717"}],"wp:attachment":[{"href":"https:\/\/www.jdx.info\/lutte\/wp-json\/wp\/v2\/media?parent=24148"}],"wp:term":[{"taxonomy":"category","embeddable":true,"href":"https:\/\/www.jdx.info\/lutte\/wp-json\/wp\/v2\/categories?post=24148"},{"taxonomy":"post_tag","embeddable":true,"href":"https:\/\/www.jdx.info\/lutte\/wp-json\/wp\/v2\/tags?post=24148"},{"taxonomy":"author","embeddable":true,"href":"https:\/\/www.jdx.info\/lutte\/wp-json\/wp\/v2\/ppma_author?post=24148"}],"curies":[{"name":"wp","href":"https:\/\/api.w.org\/{rel}","templated":true}]}}