{"id":24111,"date":"2020-04-01T02:06:51","date_gmt":"2020-04-01T06:06:51","guid":{"rendered":"http:\/\/www.jdx.info\/lutte\/?p=24111"},"modified":"2020-04-01T02:07:04","modified_gmt":"2020-04-01T06:07:04","slug":"hollywood-hulk-hogan-se-blesse-dans-son-entrainement-pour-un-retour-sur-le-ring-a-wrestlemania-deja-enregistre","status":"publish","type":"post","link":"https:\/\/www.jdx.info\/lutte\/2020\/04\/01\/hollywood-hulk-hogan-se-blesse-dans-son-entrainement-pour-un-retour-sur-le-ring-a-wrestlemania-deja-enregistre\/","title":{"rendered":"Hollywood Hulk Hogan Se Blesse Dans Son Entra\u00eenement Pour Un Retour Sur Le Ring \u00e0 WrestleMania D\u00e9j\u00e0 Enregistr\u00e9!"},"content":{"rendered":"\n<p>Hulk Hogan qui devait \u00eatre de nouveau intronis\u00e9 au Hall of Fame de la WWE en 2020 avec la nWo, c&rsquo;est d\u00e9chir\u00e9 le biceps droit lors de son entra\u00eenement cette semaine.<\/p>\n\n\n\n<p>Hogan a r\u00e9v\u00e9l\u00e9 sa blessure sur Twitter plus t\u00f4t dans la journ\u00e9e et a laiss\u00e9 savoir qu&rsquo;une autre star de la WWE qui a subi des blessures au biceps. Il s&rsquo;agit de Rusev.<\/p>\n\n\n\n<blockquote class=\"wp-block-quote is-layout-flow wp-block-quote-is-layout-flow\"><p> \u00abMes deux biceps ont \u00e9t\u00e9 d\u00e9chir\u00e9s lors des insertions pendant 25 ans, aujourd&rsquo;hui j&rsquo;ai d\u00e9chir\u00e9 mon biceps droit l\u00e0 o\u00f9 il entre dans mon delto\u00efde avant, eh bien je suppose que Rusev et moi sommes des fr\u00e8res perdus depuis longtemps! BROTHER. HH putain \u00e7a br\u00fble !!! \u201d<\/p><\/blockquote>\n\n\n\n<p>Rusev a r\u00e9pondu au tweet et a \u00e9crit: <\/p>\n\n\n\n<blockquote class=\"wp-block-quote is-layout-flow wp-block-quote-is-layout-flow\"><p>\u00ab\u00a0Nous ne sommes qu&rsquo;un couple de vrais [emoji drapeau am\u00e9ricain]\u00a0\u00bb<\/p><\/blockquote>\n\n\n\n<p>Le Hulkster a not\u00e9 depuis des mois comment il s&rsquo;entra\u00eenait pour un possible retour sur le ring de la WWE pour un dernier match \u00e0 WrestleMania. Hogan a commenc\u00e9 \u00e0 s&rsquo;entra\u00eener apr\u00e8s une op\u00e9ration du dos r\u00e9ussie \u00e0 la fin de 2019 qui \u00e9tait la dixi\u00e8me op\u00e9ration sur son dos mais nous savons que le retour sur le ring de WrestleMania ne se produira pas cette ann\u00e9e car le grand \u00e9v\u00e9nement a d\u00e9j\u00e0 enregistr\u00e9 la semaine derni\u00e8re.<\/p>\n\n\n\n<p>Hogan, qui aura 67 ans le 11 ao\u00fbt, devait \u00eatre intronis\u00e9 au WWE Hall of Fame pour la deuxi\u00e8me fois lors du WrestleMania 36 Weekend, avec Scott Hall, Kevin Nash et Sean Waltman, en tant que membres de la nWo. <\/p>\n\n\n\n<p>Comme vous le savez, les plans originaux de WrestleMania 36 Week ont \u200b\u200b\u00e9t\u00e9 annul\u00e9s en raison de la pand\u00e9mie du coronavirus mais la c\u00e9r\u00e9monie d&rsquo;intronisation au Temple de la renomm\u00e9e de la WWE 2020 a fait l&rsquo;objet de rumeurs pour le  week-end de SummerSlam en ao\u00fbt. Si les \u00c9tats-Unis ont reprit le contr\u00f4le de la situation sur la pand\u00e9mie d&rsquo;ici l\u00e0.<\/p>\n\n\n\n<p>Il semble que Hogan ait laiss\u00e9 pousser sa barbe pour une apparition pr\u00e9vue de Hollywood Hogan au WWE Hall of Fame.<\/p>\n\n\n\n<p>Vous pouvez voir les tweets complets de Hogan et Rusev ci-dessous:<\/p>\n\n\n\n<center><blockquote class=\"twitter-tweet\"><p lang=\"en\" dir=\"ltr\">Both of my biceps have been torn at the insertions for 25yrs,today I tore my right bicep where it goes in at my front deltoid,well I guess Rusev and I are long lost brothers! BROTHER. HH damn it burns!!! <a href=\"https:\/\/t.co\/JREZd784Ih\">pic.twitter.com\/JREZd784Ih<\/a><\/p>&mdash; Hulk Hogan (@HulkHogan) <a href=\"https:\/\/twitter.com\/HulkHogan\/status\/1245032595110445056?ref_src=twsrc%5Etfw\">March 31, 2020<\/a><\/blockquote> <script async src=\"https:\/\/platform.twitter.com\/widgets.js\" charset=\"utf-8\"><\/script>\n<blockquote class=\"twitter-tweet\"><p lang=\"en\" dir=\"ltr\">We are just a couple of Real &#x1f1fa;&#x1f1f8; <a href=\"https:\/\/t.co\/gh0PpUFlFL\">https:\/\/t.co\/gh0PpUFlFL<\/a><\/p>&mdash; Miro (@RusevBUL) <a href=\"https:\/\/twitter.com\/RusevBUL\/status\/1245059816772349954?ref_src=twsrc%5Etfw\">March 31, 2020<\/a><\/blockquote> <script async src=\"https:\/\/platform.twitter.com\/widgets.js\" charset=\"utf-8\"><\/script>\n\n<p><script async=\"\" src=\"https:\/\/pagead2.googlesyndication.com\/pagead\/js\/adsbygoogle.js\"><\/script>\n<ins class=\"adsbygoogle\" style=\"display:block; text-align:center;\" data-ad-layout=\"in-article\" data-ad-format=\"fluid\" data-ad-client=\"ca-pub-1986975368136072\" data-ad-slot=\"7818521013\"><\/ins>\n<script>\n     (adsbygoogle = window.adsbygoogle || []).push({});\n<\/script><\/p><\/center>\n\n\n\n\n<p>Vous \u00eates libre  de suivre d\u00e8s maintenant Info-Lutte via notre <a href=\"https:\/\/www.facebook.com\/InfoLutte\/\">Nouvelle page Facebook <\/a>ou <a href=\"https:\/\/twitter.com\/InfoLutte\">Twitter @INFOLUTTE<\/a>. Et merci ne ne pas quitter sans visiter ce qui est autour du site  pour nous aider \u00e0 vous en offrir toujours plus, ici m\u00eame sur votre site pr\u00e9f\u00e9r\u00e9<\/p>\n\n\n\n<p><br>\nVous voulez faire parti de l&rsquo;\u00e9quipe, contactez moi via Facebook en <a href=\"https:\/\/www.facebook.com\/JasonDarkCashDescoteaux\/\">cliquant ici<\/a><\/p>\n\n\n\n<figure><iframe loading=\"lazy\" src=\"https:\/\/www.facebook.com\/plugins\/post.php?href=https%3A%2F%2Fwww.facebook.com%2FJasonDarkCashDescoteaux%2Fposts%2F2928607343839111&amp;width=500\" width=\"500\" height=\"287\"><\/iframe><\/figure>\n<p><\/p>","protected":false},"excerpt":{"rendered":"<p>Hulk Hogan qui devait \u00eatre de nouveau intronis\u00e9 au Hall of Fame de la WWE en 2020 avec la nWo, c&rsquo;est d\u00e9chir\u00e9 le biceps droit lors de son entra\u00eenement cette semaine. Hogan a r\u00e9v\u00e9l\u00e9 sa blessure sur Twitter plus t\u00f4t dans la journ\u00e9e et a laiss\u00e9 savoir qu&rsquo;une autre star de la WWE qui a&#8230;<\/p>\n","protected":false},"author":2,"featured_media":24115,"comment_status":"open","ping_status":"closed","sticky":false,"template":"","format":"standard","meta":{"footnotes":""},"categories":[30,4],"tags":[],"ppma_author":[287],"class_list":["post-24111","post","type-post","status-publish","format-standard","has-post-thumbnail","hentry","category-ex-wwe","category-news"],"authors":[{"term_id":287,"user_id":2,"is_guest":0,"slug":"jason","display_name":"Jason Desc\u00f4teaux","avatar_url":"https:\/\/secure.gravatar.com\/avatar\/f64adf6d13198c3a532c061cecd8672089a1e9a3d07c702dffe886a7e55a15eb?s=96&d=mm&r=g","0":null,"1":"","2":"","3":"","4":"","5":"","6":"","7":"","8":""}],"_links":{"self":[{"href":"https:\/\/www.jdx.info\/lutte\/wp-json\/wp\/v2\/posts\/24111","targetHints":{"allow":["GET"]}}],"collection":[{"href":"https:\/\/www.jdx.info\/lutte\/wp-json\/wp\/v2\/posts"}],"about":[{"href":"https:\/\/www.jdx.info\/lutte\/wp-json\/wp\/v2\/types\/post"}],"author":[{"embeddable":true,"href":"https:\/\/www.jdx.info\/lutte\/wp-json\/wp\/v2\/users\/2"}],"replies":[{"embeddable":true,"href":"https:\/\/www.jdx.info\/lutte\/wp-json\/wp\/v2\/comments?post=24111"}],"version-history":[{"count":1,"href":"https:\/\/www.jdx.info\/lutte\/wp-json\/wp\/v2\/posts\/24111\/revisions"}],"predecessor-version":[{"id":24116,"href":"https:\/\/www.jdx.info\/lutte\/wp-json\/wp\/v2\/posts\/24111\/revisions\/24116"}],"wp:featuredmedia":[{"embeddable":true,"href":"https:\/\/www.jdx.info\/lutte\/wp-json\/wp\/v2\/media\/24115"}],"wp:attachment":[{"href":"https:\/\/www.jdx.info\/lutte\/wp-json\/wp\/v2\/media?parent=24111"}],"wp:term":[{"taxonomy":"category","embeddable":true,"href":"https:\/\/www.jdx.info\/lutte\/wp-json\/wp\/v2\/categories?post=24111"},{"taxonomy":"post_tag","embeddable":true,"href":"https:\/\/www.jdx.info\/lutte\/wp-json\/wp\/v2\/tags?post=24111"},{"taxonomy":"author","embeddable":true,"href":"https:\/\/www.jdx.info\/lutte\/wp-json\/wp\/v2\/ppma_author?post=24111"}],"curies":[{"name":"wp","href":"https:\/\/api.w.org\/{rel}","templated":true}]}}