{"id":24102,"date":"2020-03-31T22:48:12","date_gmt":"2020-04-01T02:48:12","guid":{"rendered":"http:\/\/www.jdx.info\/lutte\/?p=24102"},"modified":"2020-03-31T22:49:42","modified_gmt":"2020-04-01T02:49:42","slug":"the-undertaker-sexcuse-a-chris-jericho","status":"publish","type":"post","link":"https:\/\/www.jdx.info\/lutte\/2020\/03\/31\/the-undertaker-sexcuse-a-chris-jericho\/","title":{"rendered":"The Undertaker s&rsquo;Excuse \u00e0 Chris Jericho!"},"content":{"rendered":"\n<p>La superstar de la WWE The Undertaker et la star de la AEW Chris Jericho ont eu un bref \u00e9change sur Twitter plus t\u00f4t dans la journ\u00e9e de mardi.<\/p>\n\n\n\n<p>Comme indiqu\u00e9, Taker a coup\u00e9 une promo sur l&rsquo;\u00e9dition de RAW d&rsquo;avant WrestleMania 36 cette semaine pour construire son match de <strong>Boneyard<\/strong> contre AJ Styles qui sera diffus\u00e9 ce samedi ou dimanche. Taker a dit qu&rsquo;il esp\u00e8re que AJ am\u00e8nera ses \u00ab\u00a0<em>deux assclowns<\/em>\u00a0\u00bb avec lui, Luke Gallows et Karl Anderson, afin qu&rsquo;ils puissent \u00e9galement ressentir sa col\u00e8re.<\/p>\n\n\n\n<p>Un fan a tweet\u00e9 Jericho \u00e0 ce sujet et a plaisant\u00e9 en disant que le chef de The Inner Circle aurait un \u00ab\u00a0grand proc\u00e8s\u00a0\u00bb pour poursuivre le Deadman avec l&rsquo;utilisation du nom \u00ab\u00a0assclown\u00a0\u00bb, que Le Champion a utilis\u00e9 au fil des ans, comme d&rsquo;autres expressions bien \u00e0 lui.<\/p>\n\n\n\n<p>Le premier champion de la AEW, Chris Jericho a r\u00e9pondu au fan et a \u00e9crit: <\/p>\n\n\n\n<blockquote class=\"wp-block-quote is-layout-flow wp-block-quote-is-layout-flow\"><p>\u00abC&rsquo;est l&rsquo;Undertaker\u2026 il peut utiliser autant de mes slogans qu&rsquo;il le veut !!! [visage de chapeau de cowboy emoji] \u201d<\/p><\/blockquote>\n\n\n\n<p>Taker a r\u00e9pondu au tweet de Jericho ce soir et a \u00e9crit: <\/p>\n\n\n\n<blockquote class=\"wp-block-quote is-layout-flow wp-block-quote-is-layout-flow\"><p>\u00abMon erreur @IAmJericho\u2026. Je savais que j&rsquo;avais entendu \u00e7a quelque part avant\u2026.\u00bb<\/p><\/blockquote>\n\n\n\n<p>C&rsquo;\u00e9tait le dernier des tweets entre les l\u00e9gendes de la lutte professionnelle, au moins au moment de la r\u00e9daction de cet article. <\/p>\n\n\n\n<p>Vous pouvez voir l&rsquo;\u00e9change complet ci-dessous:<\/p>\n\n\n\n<blockquote class=\"twitter-tweet\"><p lang=\"en\" dir=\"ltr\">Hardly! He\u2019s the <a href=\"https:\/\/twitter.com\/undertaker?ref_src=twsrc%5Etfw\">@undertaker<\/a>&#8230;he can used as many of my catch phrases as he wants!!! &#x1f920; <a href=\"https:\/\/t.co\/NnPo7xhB0H\">https:\/\/t.co\/NnPo7xhB0H<\/a><\/p>&mdash; Chris Jericho (@IAmJericho) <a href=\"https:\/\/twitter.com\/IAmJericho\/status\/1245025691634151424?ref_src=twsrc%5Etfw\">March 31, 2020<\/a><\/blockquote> <script async src=\"https:\/\/platform.twitter.com\/widgets.js\" charset=\"utf-8\"><\/script>\n<center><p><script async=\"\" src=\"https:\/\/pagead2.googlesyndication.com\/pagead\/js\/adsbygoogle.js\"><\/script>\n<ins class=\"adsbygoogle\" style=\"display:block; text-align:center;\" data-ad-layout=\"in-article\" data-ad-format=\"fluid\" data-ad-client=\"ca-pub-1986975368136072\" data-ad-slot=\"7818521013\"><\/ins>\n<script>\n     (adsbygoogle = window.adsbygoogle || []).push({});\n<\/script><\/p><\/center>\n\n\n\n\n<p>Vous \u00eates libre  de suivre d\u00e8s maintenant Info-Lutte via notre <a href=\"https:\/\/www.facebook.com\/InfoLutte\/\">Nouvelle page Facebook <\/a>ou <a href=\"https:\/\/twitter.com\/InfoLutte\">Twitter @INFOLUTTE<\/a>. Et merci ne ne pas quitter sans visiter ce qui est autour du site  pour nous aider \u00e0 vous en offrir toujours plus, ici m\u00eame sur votre site pr\u00e9f\u00e9r\u00e9<\/p>\n\n\n\n<p><br>\nVous voulez faire parti de l&rsquo;\u00e9quipe, contactez moi via Facebook en <a href=\"https:\/\/www.facebook.com\/JasonDarkCashDescoteaux\/\">cliquant ici<\/a><\/p>\n\n\n\n<figure><iframe loading=\"lazy\" src=\"https:\/\/www.facebook.com\/plugins\/post.php?href=https%3A%2F%2Fwww.facebook.com%2FJasonDarkCashDescoteaux%2Fposts%2F2928607343839111&amp;width=500\" width=\"500\" height=\"287\"><\/iframe><\/figure>\n<p><\/p>","protected":false},"excerpt":{"rendered":"<p>La superstar de la WWE The Undertaker et la star de la AEW Chris Jericho ont eu un bref \u00e9change sur Twitter plus t\u00f4t dans la journ\u00e9e de mardi. Comme indiqu\u00e9, Taker a coup\u00e9 une promo sur l&rsquo;\u00e9dition de RAW d&rsquo;avant WrestleMania 36 cette semaine pour construire son match de Boneyard contre AJ Styles qui&#8230;<\/p>\n","protected":false},"author":2,"featured_media":24113,"comment_status":"open","ping_status":"closed","sticky":false,"template":"","format":"standard","meta":{"footnotes":""},"categories":[24,4,23],"tags":[],"ppma_author":[287],"class_list":["post-24102","post","type-post","status-publish","format-standard","has-post-thumbnail","hentry","category-aew-impact-njpw-roh","category-news","category-wwe"],"authors":[{"term_id":287,"user_id":2,"is_guest":0,"slug":"jason","display_name":"Jason Desc\u00f4teaux","avatar_url":"https:\/\/secure.gravatar.com\/avatar\/f64adf6d13198c3a532c061cecd8672089a1e9a3d07c702dffe886a7e55a15eb?s=96&d=mm&r=g","0":null,"1":"","2":"","3":"","4":"","5":"","6":"","7":"","8":""}],"_links":{"self":[{"href":"https:\/\/www.jdx.info\/lutte\/wp-json\/wp\/v2\/posts\/24102","targetHints":{"allow":["GET"]}}],"collection":[{"href":"https:\/\/www.jdx.info\/lutte\/wp-json\/wp\/v2\/posts"}],"about":[{"href":"https:\/\/www.jdx.info\/lutte\/wp-json\/wp\/v2\/types\/post"}],"author":[{"embeddable":true,"href":"https:\/\/www.jdx.info\/lutte\/wp-json\/wp\/v2\/users\/2"}],"replies":[{"embeddable":true,"href":"https:\/\/www.jdx.info\/lutte\/wp-json\/wp\/v2\/comments?post=24102"}],"version-history":[{"count":1,"href":"https:\/\/www.jdx.info\/lutte\/wp-json\/wp\/v2\/posts\/24102\/revisions"}],"predecessor-version":[{"id":24112,"href":"https:\/\/www.jdx.info\/lutte\/wp-json\/wp\/v2\/posts\/24102\/revisions\/24112"}],"wp:featuredmedia":[{"embeddable":true,"href":"https:\/\/www.jdx.info\/lutte\/wp-json\/wp\/v2\/media\/24113"}],"wp:attachment":[{"href":"https:\/\/www.jdx.info\/lutte\/wp-json\/wp\/v2\/media?parent=24102"}],"wp:term":[{"taxonomy":"category","embeddable":true,"href":"https:\/\/www.jdx.info\/lutte\/wp-json\/wp\/v2\/categories?post=24102"},{"taxonomy":"post_tag","embeddable":true,"href":"https:\/\/www.jdx.info\/lutte\/wp-json\/wp\/v2\/tags?post=24102"},{"taxonomy":"author","embeddable":true,"href":"https:\/\/www.jdx.info\/lutte\/wp-json\/wp\/v2\/ppma_author?post=24102"}],"curies":[{"name":"wp","href":"https:\/\/api.w.org\/{rel}","templated":true}]}}