{"id":23508,"date":"2020-03-21T16:42:40","date_gmt":"2020-03-21T20:42:40","guid":{"rendered":"http:\/\/www.jdx.info\/lutte\/?p=23508"},"modified":"2020-03-21T17:02:46","modified_gmt":"2020-03-21T21:02:46","slug":"wrestlemania-sera-enregistre-cette-semaine-calendrier-pour-les-enregistrements-de-raw-et-smackdown-et-plus","status":"publish","type":"post","link":"https:\/\/www.jdx.info\/lutte\/2020\/03\/21\/wrestlemania-sera-enregistre-cette-semaine-calendrier-pour-les-enregistrements-de-raw-et-smackdown-et-plus\/","title":{"rendered":"WrestleMania Sera Enregistr\u00e9 Cette Semaine! Calendrier Pour Les Enregistrements de RAW et Smackdown, et Plus!"},"content":{"rendered":"\n<p>Selon PW Insider, la WWE enregistrera les deux soir\u00e9es de WrestleMania 36 mercredi 25 mars et jeudi 26 mars. <\/p>\n\n\n\n<p>La soci\u00e9t\u00e9 commencera \u00e9galement \u00e0 enregistrer des \u00e9missions t\u00e9l\u00e9vis\u00e9es avant le Show of Shows qui se tiendra ce soir avec SmackDown, qui sera diffus\u00e9 les 27 mars et 3 avril. Le lundi et le mardi \u00e0 venir seront des enregistrements pour les programmes de RAW du 23 mars et du 30 mars.<\/p>\n\n\n\n<p>Les rapports indiquent qu&rsquo;il y aura \u00e9galement des enregistrements demain pour les futurs contenus \/ \u00e9pisodes NXT, bien qu&rsquo;il n&rsquo;y ait pas de mot sur ce \u00e0 quoi ils vont ressembler contrairement \u00e0 mercredi dernier.<\/p>\n\n\n\n<p> \u00c0 moins que les plans ne changent, WrestleMania 36 aura tous ses matchs et segments effectu\u00e9s deux semaines compl\u00e8tes avant sa diffusion. La WWE n&rsquo;a pas avouer craindre un confinement national, mais les \u00c9tats-Unis \u00e9tant confin\u00e9 \u00e0 20% en ce moment, les risques auraient \u00e9t\u00e9 grands d&rsquo;attendre le Week-End de WrestleMania m\u00eame. De plus cela permet d&rsquo;avoir moins de SuperStars \u00e0 la fois pr\u00e9sent dans le ring et dans les vestiaires. <\/p>\n\n\n\n<p>Pour ce qui est de la suite apr\u00e8s WrestleMania, la WWE devrait en enregistrer tant que les USA ne seront pas en shut down complet pour perdurer le plus longtemps possible \u00e0 la t\u00e9l\u00e9 dans le but de divertir les fans dans ces temps difficiles. <\/p>\n\n\n\n<p>Pour ceux qui s&rsquo;inqui\u00e8te pour les spoilers, aucun fan ne sera sur place et la WWE devrait contr\u00f4ler les fuites. Nous leur aurions bien sugg\u00e9rer d&rsquo;enregistrer plusieurs fin et l&rsquo;ajouter au montage mais laissons leur cette responsabilit\u00e9!<\/p>\n\n\n\n<center><iframe loading=\"lazy\" src=\"https:\/\/www.facebook.com\/plugins\/post.php?href=https%3A%2F%2Fwww.facebook.com%2FInfoLutte%2Fposts%2F551181798840830&#038;width=500\" width=\"500\" height=\"445\" style=\"border:none;overflow:hidden\" scrolling=\"no\" frameborder=\"0\" allowTransparency=\"true\" allow=\"encrypted-media\"><\/iframe>\n\n<p><script async=\"\" src=\"https:\/\/pagead2.googlesyndication.com\/pagead\/js\/adsbygoogle.js\"><\/script>\n<ins class=\"adsbygoogle\" style=\"display:block; text-align:center;\" data-ad-layout=\"in-article\" data-ad-format=\"fluid\" data-ad-client=\"ca-pub-1986975368136072\" data-ad-slot=\"7818521013\"><\/ins>\n<script>\n     (adsbygoogle = window.adsbygoogle || []).push({});\n<\/script><\/p><\/center>\n\n\n\n<p>Vous \u00eates libre  de suivre d\u00e8s maintenant Info-Lutte via notre <a href=\"https:\/\/www.facebook.com\/InfoLutte\/\">Nouvelle page Facebook <\/a>ou <a href=\"https:\/\/twitter.com\/InfoLutte\">Twitter @INFOLUTTE<\/a>. Et merci ne ne pas quitter sans visiter ce qui est autour du site  pour nous aider \u00e0 vous en offrir toujours plus, ici m\u00eame sur votre site pr\u00e9f\u00e9r\u00e9<\/p>\n\n\n\n<p><br>\nVous voulez faire parti de l&rsquo;\u00e9quipe, contactez moi via Facebook en <a href=\"https:\/\/www.facebook.com\/JasonDarkCashDescoteaux\/\">cliquant ici<\/a><\/p>\n\n\n\n<figure><iframe loading=\"lazy\" src=\"https:\/\/www.facebook.com\/plugins\/post.php?href=https%3A%2F%2Fwww.facebook.com%2FJasonDarkCashDescoteaux%2Fposts%2F2928607343839111&amp;width=500\" width=\"500\" height=\"287\"><\/iframe><\/figure>\n<p><\/p>","protected":false},"excerpt":{"rendered":"<p>Selon PW Insider, la WWE enregistrera les deux soir\u00e9es de WrestleMania 36 mercredi 25 mars et jeudi 26 mars. La soci\u00e9t\u00e9 commencera \u00e9galement \u00e0 enregistrer des \u00e9missions t\u00e9l\u00e9vis\u00e9es avant le Show of Shows qui se tiendra ce soir avec SmackDown, qui sera diffus\u00e9 les 27 mars et 3 avril. Le lundi et le mardi \u00e0&#8230;<\/p>\n","protected":false},"author":2,"featured_media":23513,"comment_status":"open","ping_status":"closed","sticky":false,"template":"","format":"standard","meta":{"footnotes":""},"categories":[4,23],"tags":[],"ppma_author":[287],"class_list":["post-23508","post","type-post","status-publish","format-standard","has-post-thumbnail","hentry","category-news","category-wwe"],"authors":[{"term_id":287,"user_id":2,"is_guest":0,"slug":"jason","display_name":"Jason Desc\u00f4teaux","avatar_url":"https:\/\/secure.gravatar.com\/avatar\/f64adf6d13198c3a532c061cecd8672089a1e9a3d07c702dffe886a7e55a15eb?s=96&d=mm&r=g","0":null,"1":"","2":"","3":"","4":"","5":"","6":"","7":"","8":""}],"_links":{"self":[{"href":"https:\/\/www.jdx.info\/lutte\/wp-json\/wp\/v2\/posts\/23508","targetHints":{"allow":["GET"]}}],"collection":[{"href":"https:\/\/www.jdx.info\/lutte\/wp-json\/wp\/v2\/posts"}],"about":[{"href":"https:\/\/www.jdx.info\/lutte\/wp-json\/wp\/v2\/types\/post"}],"author":[{"embeddable":true,"href":"https:\/\/www.jdx.info\/lutte\/wp-json\/wp\/v2\/users\/2"}],"replies":[{"embeddable":true,"href":"https:\/\/www.jdx.info\/lutte\/wp-json\/wp\/v2\/comments?post=23508"}],"version-history":[{"count":4,"href":"https:\/\/www.jdx.info\/lutte\/wp-json\/wp\/v2\/posts\/23508\/revisions"}],"predecessor-version":[{"id":23518,"href":"https:\/\/www.jdx.info\/lutte\/wp-json\/wp\/v2\/posts\/23508\/revisions\/23518"}],"wp:featuredmedia":[{"embeddable":true,"href":"https:\/\/www.jdx.info\/lutte\/wp-json\/wp\/v2\/media\/23513"}],"wp:attachment":[{"href":"https:\/\/www.jdx.info\/lutte\/wp-json\/wp\/v2\/media?parent=23508"}],"wp:term":[{"taxonomy":"category","embeddable":true,"href":"https:\/\/www.jdx.info\/lutte\/wp-json\/wp\/v2\/categories?post=23508"},{"taxonomy":"post_tag","embeddable":true,"href":"https:\/\/www.jdx.info\/lutte\/wp-json\/wp\/v2\/tags?post=23508"},{"taxonomy":"author","embeddable":true,"href":"https:\/\/www.jdx.info\/lutte\/wp-json\/wp\/v2\/ppma_author?post=23508"}],"curies":[{"name":"wp","href":"https:\/\/api.w.org\/{rel}","templated":true}]}}