{"id":23354,"date":"2020-03-19T13:07:38","date_gmt":"2020-03-19T17:07:38","guid":{"rendered":"http:\/\/www.jdx.info\/lutte\/?p=23354"},"modified":"2020-03-19T13:07:52","modified_gmt":"2020-03-19T17:07:52","slug":"matt-hardy-temps-plein-avec-la-aew-deja-des-marchandises-et-plus","status":"publish","type":"post","link":"https:\/\/www.jdx.info\/lutte\/2020\/03\/19\/matt-hardy-temps-plein-avec-la-aew-deja-des-marchandises-et-plus\/","title":{"rendered":"Matt Hardy Temps Plein Avec La AEW! D\u00e9j\u00e0 Des Marchandises! Et Plus!"},"content":{"rendered":"\n<p>Ce qui \u00e9tait un secret de polichinelle s\u2019est mat\u00e9rialis\u00e9e mercredi soir lors du <a href=\"https:\/\/www.jdx.info\/lutte\/2020\/03\/18\/resultats-et-video-du-aew-dynamite-18-mars-2020\/\" target=\"_blank\" rel=\"noreferrer noopener\" aria-label=\"AEW\u00a0Dynamite (s\u2019ouvre dans un nouvel onglet)\"><strong>AEW\u00a0Dynamite<\/strong><\/a>: Matt Hardy a officiellement joint la All Elite Wrestling mais pas comme dirigeant du Dark Order qui a vu Luke Haper prendre cette place, (<strong><a href=\"https:\/\/www.jdx.info\/lutte\/2020\/03\/18\/luke-harper-cross-the-linea-la-aew-lexalted-one-revele\/\" target=\"_blank\" rel=\"noreferrer noopener\" aria-label=\"d\u00e9tails ici (s\u2019ouvre dans un nouvel onglet)\">d\u00e9tails ici<\/a><\/strong>).<\/p>\n\n\n\n<p> Il pr\u00eatera plut\u00f4t main forte \u00e0 The Elite pour remplacer Nick Jackson, des Young Bucks, \u00e9tant bless\u00e9. Tout \u00e7a dans pour le fameux combat contre le Inner Circle dans un \u201cBlood &amp; Guts\u201d avec deux cages.<\/p>\n\n\n\n<p>L\u2019arriv\u00e9e d\u2019un drone, dans les derni\u00e8res minutes de l\u2019\u00e9mission, a servi de pr\u00e9lude \u00e0 la pr\u00e9sence de Hardy. Si \u00e0 ce moment on aurait plus croire que la AEW allait faire durer le suspense, Hardy est de suite apparu dans les hauteurs de l&rsquo;ar\u00e9na. <\/p>\n\n\n\n<p>Hardy et The Young Bucks avaient pr\u00e9par\u00e9 le terrain lors des vid\u00e9os \u201cFree the Delete\u201d. On assistera donc au retour du personnage \u201cBroken\u201d de Hardy.<\/p>\n\n\n\n<p>Il semble que se sera un retour \u00e0 temps plein alors que la AEW vient d\u00e9j\u00e0 de lancer des articles promotionnels \u00e0 l\u2019effigie de Hardy. Si ce dernier a toute la latitude n\u00e9cessaire au niveau cr\u00e9atif. ET temps plein avec la AEW veut quand m\u00eame dire peut de match dans un mois contrairement \u00e0 la WWE, ce qui donnera une pause \u00e0 ses vieux os. <\/p>\n\n\n\n<p class=\"has-medium-font-size\"><a href=\"https:\/\/www.jdx.info\/lutte\/2020\/03\/18\/resultats-et-video-du-aew-dynamite-18-mars-2020\/\"><strong>Pour les r\u00e9sultats complet ou voir le dernier Dynamite de la AEW, cliquez ici.<\/strong><\/a><\/p>\n\n\n\n<blockquote class=\"twitter-tweet\"><p lang=\"en\" dir=\"ltr\">.<a href=\"https:\/\/twitter.com\/MATTHARDYBRAND?ref_src=twsrc%5Etfw\">@MATTHARDYBRAND<\/a> HAS ARRIVED!<br>Get his debut merch at <a href=\"https:\/\/t.co\/KQgbBFVzzw\">https:\/\/t.co\/KQgbBFVzzw<\/a>.<br>Use the promo code DYNAMITE to save 20% off your entire online order! <a href=\"https:\/\/t.co\/lrldCKVj2d\">pic.twitter.com\/lrldCKVj2d<\/a><\/p>&mdash; All Elite Wrestling (@AEWrestling) <a href=\"https:\/\/twitter.com\/AEWrestling\/status\/1240459067061153794?ref_src=twsrc%5Etfw\">March 19, 2020<\/a><\/blockquote> <script async src=\"https:\/\/platform.twitter.com\/widgets.js\" charset=\"utf-8\"><\/script>\n<p><\/p>","protected":false},"excerpt":{"rendered":"<p>Ce qui \u00e9tait un secret de polichinelle s\u2019est mat\u00e9rialis\u00e9e mercredi soir lors du AEW\u00a0Dynamite: Matt Hardy a officiellement joint la All Elite Wrestling mais pas comme dirigeant du Dark Order qui a vu Luke Haper prendre cette place, (d\u00e9tails ici). Il pr\u00eatera plut\u00f4t main forte \u00e0 The Elite pour remplacer Nick Jackson, des Young Bucks,&#8230;<\/p>\n","protected":false},"author":4,"featured_media":23364,"comment_status":"open","ping_status":"closed","sticky":false,"template":"","format":"standard","meta":{"footnotes":""},"categories":[24,30,4],"tags":[],"ppma_author":[292],"class_list":["post-23354","post","type-post","status-publish","format-standard","has-post-thumbnail","hentry","category-aew-impact-njpw-roh","category-ex-wwe","category-news"],"authors":[{"term_id":292,"user_id":4,"is_guest":0,"slug":"jean","display_name":"Jean Vinnier","avatar_url":"https:\/\/secure.gravatar.com\/avatar\/33aba0263fd870a0b487e0e079ff407e10e3997c9d2987cbcc0db0db2c5c75a9?s=96&d=mm&r=g","0":null,"1":"","2":"","3":"","4":"","5":"","6":"","7":"","8":""}],"_links":{"self":[{"href":"https:\/\/www.jdx.info\/lutte\/wp-json\/wp\/v2\/posts\/23354","targetHints":{"allow":["GET"]}}],"collection":[{"href":"https:\/\/www.jdx.info\/lutte\/wp-json\/wp\/v2\/posts"}],"about":[{"href":"https:\/\/www.jdx.info\/lutte\/wp-json\/wp\/v2\/types\/post"}],"author":[{"embeddable":true,"href":"https:\/\/www.jdx.info\/lutte\/wp-json\/wp\/v2\/users\/4"}],"replies":[{"embeddable":true,"href":"https:\/\/www.jdx.info\/lutte\/wp-json\/wp\/v2\/comments?post=23354"}],"version-history":[{"count":1,"href":"https:\/\/www.jdx.info\/lutte\/wp-json\/wp\/v2\/posts\/23354\/revisions"}],"predecessor-version":[{"id":23365,"href":"https:\/\/www.jdx.info\/lutte\/wp-json\/wp\/v2\/posts\/23354\/revisions\/23365"}],"wp:featuredmedia":[{"embeddable":true,"href":"https:\/\/www.jdx.info\/lutte\/wp-json\/wp\/v2\/media\/23364"}],"wp:attachment":[{"href":"https:\/\/www.jdx.info\/lutte\/wp-json\/wp\/v2\/media?parent=23354"}],"wp:term":[{"taxonomy":"category","embeddable":true,"href":"https:\/\/www.jdx.info\/lutte\/wp-json\/wp\/v2\/categories?post=23354"},{"taxonomy":"post_tag","embeddable":true,"href":"https:\/\/www.jdx.info\/lutte\/wp-json\/wp\/v2\/tags?post=23354"},{"taxonomy":"author","embeddable":true,"href":"https:\/\/www.jdx.info\/lutte\/wp-json\/wp\/v2\/ppma_author?post=23354"}],"curies":[{"name":"wp","href":"https:\/\/api.w.org\/{rel}","templated":true}]}}