{"id":23353,"date":"2020-03-19T12:40:00","date_gmt":"2020-03-19T16:40:00","guid":{"rendered":"http:\/\/www.jdx.info\/lutte\/?p=23353"},"modified":"2020-03-19T12:40:14","modified_gmt":"2020-03-19T16:40:14","slug":"daniel-bryan-songe-a-devenir-un-temps-partiel-sera-absent-de-la-wwe-pour-un-temps-et-plus","status":"publish","type":"post","link":"https:\/\/www.jdx.info\/lutte\/2020\/03\/19\/daniel-bryan-songe-a-devenir-un-temps-partiel-sera-absent-de-la-wwe-pour-un-temps-et-plus\/","title":{"rendered":"Daniel Bryan Songe \u00e0 Devenir Un Temps Partiel! Sera Absent de la WWE Pour un Temps, Et Plus!"},"content":{"rendered":"\n<p>Il semble que la carri\u00e8re de Daniel Bryan en tant que SuperStar du ring, pourrait \u00eatre sur le point de se terminer. C&rsquo;est dans cette direction que l&rsquo;ancien champion de la WWE semble se diriger \u00e0 en croire ses dires.<\/p>\n\n\n\n<p>C&rsquo;est dans une entrevue pour le podcast des Bella Twins que Daniel Bryan a r\u00e9v\u00e9l\u00e9 que la compagnie de Vince McMahon lui offrira un cong\u00e9 de paternit\u00e9 de six semaines lorsque sa femme, Brie Bella, donnera naissance \u00e0 leur deuxi\u00e8me enfant. Peu de temps apr\u00e8s son repos,\u00a0son contrat se terminera alors.\u00a0Il n&rsquo;est cependant pas question de partir de la WWE, mais plut\u00f4t de signer un contrat diff\u00e9rent, qui fera de lui un part-timer.<\/p>\n\n\n\n<p>La WWE pourrait \u00e9galement prolong\u00e9 son contrat de six semaine comme dans le cas d&rsquo;une blessure mais comme ils sont en bon terme et qu&rsquo;il semble vouloir rester, il ne devrait pas y avoir de probl\u00e8me entre les deux partis.<\/p>\n\n\n\n<blockquote class=\"wp-block-quote is-layout-flow wp-block-quote-is-layout-flow\"><p>&lt;&lt; La WWE est g\u00e9niale, elle va me donner six semaines de cong\u00e9 de paternit\u00e9. Je pourrai \u00eatre \u00e0 la maison pendant les six premi\u00e8res semaines, mais il restera peu de temps avant que mon contrat ne se termine. Je pense que j&rsquo;arr\u00eaterai d&rsquo;\u00eatre catcheur \u00e0 plein-temps. J&rsquo;aimerai toujours le catch, je catcherai toujours, mais quand je dis \u00ab\u00a0catcher toujours\u00a0\u00bb, \u00e7a veut dire une fois par mois, voire une fois tous les deux mois. >><\/p><\/blockquote>\n\n\n\n<p>Daniel Bryan n&rsquo;est donc pas pr\u00e8s de s&rsquo;arr\u00eater, mais sa carri\u00e8re de lutteur \u00e0 plein-temps devrait bient\u00f4t s&rsquo;arr\u00eater pour aller sur le ring de moins en souvent. Il veut d&rsquo;ailleurs monter sur le ring jusqu&rsquo;\u00e0 ses\u00a070 ans\u00a0!\u00a0Son contract actuel se terminerait en septembre 2020.<\/p>\n\n\n\n<p>Pour ceux qui pense que lutter jusqu&rsquo;\u00e0 70 ans est quelque chose d&rsquo;\u00e9norme, sachez qu&rsquo;une fois sortie de la WWE, les l\u00e9gende de la WWE lutte tant qu&rsquo;un promoteur ind\u00e9pendant est pr\u00eat \u00e0 d\u00e9bourser pour les faire venir. C&rsquo;est comme \u00e7a que notre patron Dark Cash a manager Abdulah The Butcher \u00e0 ses 73 ans quand la GNW l&rsquo;a fait venir pour la derni\u00e8re fois ainsi que le WWE Hall of Famer Tony Atlas ag\u00e9 de 70 ans. Il est toujours int\u00e9ressant de voir ses monument pour une derni\u00e8re fois en sachant tr\u00e8s bien que le \u00ab\u00a0match\u00a0\u00bb sera qu&rsquo;une sorte de salutation \u00e0 la foule rendu l\u00e0. <br><\/p>\n\n\n\n<iframe frameBorder=\"0\" height=\"482\" scrolling=\"no\" src=\"https:\/\/playlist.megaphone.fm\/?p=END7786866677\"\nwidth=\"100%\"><\/iframe>\n<p><\/p>","protected":false},"excerpt":{"rendered":"<p>Il semble que la carri\u00e8re de Daniel Bryan en tant que SuperStar du ring, pourrait \u00eatre sur le point de se terminer. C&rsquo;est dans cette direction que l&rsquo;ancien champion de la WWE semble se diriger \u00e0 en croire ses dires. C&rsquo;est dans une entrevue pour le podcast des Bella Twins que Daniel Bryan a r\u00e9v\u00e9l\u00e9&#8230;<\/p>\n","protected":false},"author":4,"featured_media":23359,"comment_status":"open","ping_status":"closed","sticky":false,"template":"","format":"standard","meta":{"footnotes":""},"categories":[4,23],"tags":[],"ppma_author":[292],"class_list":["post-23353","post","type-post","status-publish","format-standard","has-post-thumbnail","hentry","category-news","category-wwe"],"authors":[{"term_id":292,"user_id":4,"is_guest":0,"slug":"jean","display_name":"Jean Vinnier","avatar_url":"https:\/\/secure.gravatar.com\/avatar\/33aba0263fd870a0b487e0e079ff407e10e3997c9d2987cbcc0db0db2c5c75a9?s=96&d=mm&r=g","0":null,"1":"","2":"","3":"","4":"","5":"","6":"","7":"","8":""}],"_links":{"self":[{"href":"https:\/\/www.jdx.info\/lutte\/wp-json\/wp\/v2\/posts\/23353","targetHints":{"allow":["GET"]}}],"collection":[{"href":"https:\/\/www.jdx.info\/lutte\/wp-json\/wp\/v2\/posts"}],"about":[{"href":"https:\/\/www.jdx.info\/lutte\/wp-json\/wp\/v2\/types\/post"}],"author":[{"embeddable":true,"href":"https:\/\/www.jdx.info\/lutte\/wp-json\/wp\/v2\/users\/4"}],"replies":[{"embeddable":true,"href":"https:\/\/www.jdx.info\/lutte\/wp-json\/wp\/v2\/comments?post=23353"}],"version-history":[{"count":1,"href":"https:\/\/www.jdx.info\/lutte\/wp-json\/wp\/v2\/posts\/23353\/revisions"}],"predecessor-version":[{"id":23360,"href":"https:\/\/www.jdx.info\/lutte\/wp-json\/wp\/v2\/posts\/23353\/revisions\/23360"}],"wp:featuredmedia":[{"embeddable":true,"href":"https:\/\/www.jdx.info\/lutte\/wp-json\/wp\/v2\/media\/23359"}],"wp:attachment":[{"href":"https:\/\/www.jdx.info\/lutte\/wp-json\/wp\/v2\/media?parent=23353"}],"wp:term":[{"taxonomy":"category","embeddable":true,"href":"https:\/\/www.jdx.info\/lutte\/wp-json\/wp\/v2\/categories?post=23353"},{"taxonomy":"post_tag","embeddable":true,"href":"https:\/\/www.jdx.info\/lutte\/wp-json\/wp\/v2\/tags?post=23353"},{"taxonomy":"author","embeddable":true,"href":"https:\/\/www.jdx.info\/lutte\/wp-json\/wp\/v2\/ppma_author?post=23353"}],"curies":[{"name":"wp","href":"https:\/\/api.w.org\/{rel}","templated":true}]}}