{"id":23242,"date":"2020-03-17T08:56:00","date_gmt":"2020-03-17T12:56:00","guid":{"rendered":"http:\/\/www.jdx.info\/lutte\/?p=23242"},"modified":"2020-03-17T22:05:55","modified_gmt":"2020-03-18T02:05:55","slug":"alberto-del-rio-sattend-a-revenir-a-la-wwe","status":"publish","type":"post","link":"https:\/\/www.jdx.info\/lutte\/2020\/03\/17\/alberto-del-rio-sattend-a-revenir-a-la-wwe\/","title":{"rendered":"Alberto Del Rio s&rsquo;attend \u00e0 revenir \u00e0 la WWE"},"content":{"rendered":"\n<p>En novembre dernier Alberto El Patron Del Rio, annon\u00e7ait qu&rsquo;il allait\u00a0d\u00e9buter quelque chose dans l&rsquo;univers du catch professionnel pour l&rsquo;ann\u00e9e 2020.<\/p>\n\n\n\n<p>Cette semaine Alberto \u00e9tait de passage \u00e0 l&rsquo;\u00e9mission\u00a0\u00a0\u00bbNos Cay\u00f3 La Noche\u00a0\u00bb\u00a0au Mexique et il a discut\u00e9 de ses plans futurs comme catcheur. Il explique qu&rsquo;il s&rsquo;attend \u00e0 revenir \u00e0 la WWE d&rsquo;ici le milieu de l&rsquo;ann\u00e9e 2020 :<\/p>\n\n\n\n<blockquote class=\"wp-block-quote is-layout-flow wp-block-quote-is-layout-flow\"><p>\u00a0\u00bbNous sommes en communication. Nous avons reconstruit les ponts. De leur c\u00f4t\u00e9, ils n&rsquo;avaient pas raison sur quelques d\u00e9cisions et de mon c\u00f4t\u00e9 non plus je ne n&rsquo;avais pas raison sur d&rsquo;autres choses. J&rsquo;esp\u00e8re qu&rsquo;on puisse trouver un accord cette ann\u00e9e ou m\u00eame d&rsquo;ici le milieu de cette ann\u00e9e pour que je sois de retour l\u00e0-bas.\u00a0\u00bb<\/p><\/blockquote>\n\n\n\n<p>La derni\u00e8re pr\u00e9sence d&rsquo;Alberto \u00e0 la WWE remonte \u00e0 2016 alors qu&rsquo;il a quitt\u00e9 frustr\u00e9 par son utilisation dans la compagnie. Il a ensuite eu une lourde vague sur les r\u00e9seaux sociaux o\u00f9 l&rsquo;alcool \u00e9tait au rendez-vous et o\u00f9 il s&rsquo;amusait \u00e0 insulter la WWE et Triple H. <\/p>\n\n\n\n<p><\/p>\n<p><\/p>","protected":false},"excerpt":{"rendered":"<p>En novembre dernier Alberto El Patron Del Rio, annon\u00e7ait qu&rsquo;il allait\u00a0d\u00e9buter quelque chose dans l&rsquo;univers du catch professionnel pour l&rsquo;ann\u00e9e 2020. Cette semaine Alberto \u00e9tait de passage \u00e0 l&rsquo;\u00e9mission\u00a0\u00a0\u00bbNos Cay\u00f3 La Noche\u00a0\u00bb\u00a0au Mexique et il a discut\u00e9 de ses plans futurs comme catcheur. Il explique qu&rsquo;il s&rsquo;attend \u00e0 revenir \u00e0 la WWE d&rsquo;ici le milieu&#8230;<\/p>\n","protected":false},"author":4,"featured_media":23246,"comment_status":"open","ping_status":"closed","sticky":false,"template":"","format":"standard","meta":{"footnotes":""},"categories":[24,30,22,4],"tags":[],"ppma_author":[292],"class_list":["post-23242","post","type-post","status-publish","format-standard","has-post-thumbnail","hentry","category-aew-impact-njpw-roh","category-ex-wwe","category-indy","category-news"],"authors":[{"term_id":292,"user_id":4,"is_guest":0,"slug":"jean","display_name":"Jean Vinnier","avatar_url":"https:\/\/secure.gravatar.com\/avatar\/33aba0263fd870a0b487e0e079ff407e10e3997c9d2987cbcc0db0db2c5c75a9?s=96&d=mm&r=g","0":null,"1":"","2":"","3":"","4":"","5":"","6":"","7":"","8":""}],"_links":{"self":[{"href":"https:\/\/www.jdx.info\/lutte\/wp-json\/wp\/v2\/posts\/23242","targetHints":{"allow":["GET"]}}],"collection":[{"href":"https:\/\/www.jdx.info\/lutte\/wp-json\/wp\/v2\/posts"}],"about":[{"href":"https:\/\/www.jdx.info\/lutte\/wp-json\/wp\/v2\/types\/post"}],"author":[{"embeddable":true,"href":"https:\/\/www.jdx.info\/lutte\/wp-json\/wp\/v2\/users\/4"}],"replies":[{"embeddable":true,"href":"https:\/\/www.jdx.info\/lutte\/wp-json\/wp\/v2\/comments?post=23242"}],"version-history":[{"count":1,"href":"https:\/\/www.jdx.info\/lutte\/wp-json\/wp\/v2\/posts\/23242\/revisions"}],"predecessor-version":[{"id":23247,"href":"https:\/\/www.jdx.info\/lutte\/wp-json\/wp\/v2\/posts\/23242\/revisions\/23247"}],"wp:featuredmedia":[{"embeddable":true,"href":"https:\/\/www.jdx.info\/lutte\/wp-json\/wp\/v2\/media\/23246"}],"wp:attachment":[{"href":"https:\/\/www.jdx.info\/lutte\/wp-json\/wp\/v2\/media?parent=23242"}],"wp:term":[{"taxonomy":"category","embeddable":true,"href":"https:\/\/www.jdx.info\/lutte\/wp-json\/wp\/v2\/categories?post=23242"},{"taxonomy":"post_tag","embeddable":true,"href":"https:\/\/www.jdx.info\/lutte\/wp-json\/wp\/v2\/tags?post=23242"},{"taxonomy":"author","embeddable":true,"href":"https:\/\/www.jdx.info\/lutte\/wp-json\/wp\/v2\/ppma_author?post=23242"}],"curies":[{"name":"wp","href":"https:\/\/api.w.org\/{rel}","templated":true}]}}