{"id":23040,"date":"2020-03-14T03:42:04","date_gmt":"2020-03-14T07:42:04","guid":{"rendered":"http:\/\/www.jdx.info\/lutte\/?p=23040"},"modified":"2020-03-14T03:44:25","modified_gmt":"2020-03-14T07:44:25","slug":"breaking-news-tampa-va-annuler-wrestlemania-36-si-la-wwe-ne-le-fait-pas","status":"publish","type":"post","link":"https:\/\/www.jdx.info\/lutte\/2020\/03\/14\/breaking-news-tampa-va-annuler-wrestlemania-36-si-la-wwe-ne-le-fait-pas\/","title":{"rendered":"Breaking News: Tampa Va Annuler WrestleMania 36 Si La WWE Ne Le Fait Pas!"},"content":{"rendered":"\n<p>Il semble que les responsables de la WWE et les responsables du comt\u00e9 de Hillsborough soient \u00abengag\u00e9s dans une impasse\u00bb sur le statut de WrestleMania 36, \u200b\u200bselon FOX13 \u00e0 Tampa, en Floride.<\/p>\n\n\n\n<p>Comme nous l&rsquo;avons not\u00e9 jeudi, les responsables de la WWE, y compris le pr\u00e9sident Vince McMahon, ont rencontr\u00e9 des responsables locaux plus t\u00f4t cette semaine pour discuter de l&rsquo;\u00e9tat du plus grand \u00e9v\u00e9nement de l&rsquo;ann\u00e9e alors que les \u00e9v\u00e9nements et les grands rassemblements du monde entier sont annul\u00e9s en raison de la pand\u00e9mie du coronavirus. Il a alors \u00e9t\u00e9 d\u00e9termin\u00e9 que la ville n&rsquo;allait pas suspendre l&rsquo;\u00e9v\u00e9nement car ils \u00e9taient encore \u00e0 3 semaines du show, et qu&rsquo;ils voulaient voir ce que la WWE allait faire au cours de la semaine et demie suivante avant de se r\u00e9unir \u00e0 nouveau.<\/p>\n\n\n\n<p>Le commissaire du comt\u00e9 de Hillsborough, Les Miller, qui a parl\u00e9 de maintenir l&rsquo;\u00e9v\u00e9nement en vie plus t\u00f4t cette semaine lors de la conf\u00e9rence de presse, dit maintenant qu&rsquo;il esp\u00e8re que Vince et la WWE annuleront l&rsquo;\u00e9v\u00e9nement par eux-m\u00eames mais s&rsquo;ils ne l&rsquo;ont pas fait dans une semaine et que la situation est toujours aussi mauvaise que c&rsquo;\u00e9tait cette semaine, le comt\u00e9 va alors probablement \u00ab\u00a0d\u00e9brancher\u00a0\u00bb la plus grande sc\u00e8ne de tous<\/p>\n\n\n\n<blockquote class=\"wp-block-quote is-layout-flow wp-block-quote-is-layout-flow\"><p>\u00abJ&rsquo;esp\u00e8re que Vince McMahon et  la WWE feront l&rsquo;appel eux-m\u00eames pour l&rsquo;annulation de WrestleMania. Dans une semaine, s&rsquo;ils ne l&rsquo;ont pas fait et que nous sommes toujours dans la situation dans laquelle nous nous trouvons, nous devrons probablement tirer la \u00ab\u00a0plug\u00a0\u00bb\u00bb<\/p><\/blockquote>\n\n\n\n<p>Le sh\u00e9rif Chad Chronister du comt\u00e9 de Hillsborough a ajout\u00e9 que la s\u00e9curit\u00e9 de la communaut\u00e9 doit passer avant tout.<\/p>\n\n\n\n<blockquote class=\"wp-block-quote is-layout-flow wp-block-quote-is-layout-flow\"><p>\u00abJe f\u00e9licite chaque franchise sportive d&rsquo;avoir fait preuve de prudence. J&rsquo;esp\u00e8re que la WWE embo\u00eetera le pas. Je ne veux jamais voir les gens faire du profit sur la s\u00e9curit\u00e9 publique \u00bb, <\/p><\/blockquote>\n\n\n\n<p>On n&rsquo;a rapport\u00e9 que la suppression de WrestleMania 36 mettrait en p\u00e9ril plus de 150 millions de dollars d&rsquo;impact \u00e9conomique. La mairesse de Tampa, Jane Castor, a parl\u00e9 plus t\u00f4t cette semaine du bien-\u00eatre de la communaut\u00e9 par rapport \u00e0 l&rsquo;impact \u00e9conomique de WrestleMania, et a d\u00e9clar\u00e9 que les deux \u00e9taient importants. Les responsables locaux de la r\u00e9gion de Tampa disent qu&rsquo;ils prendront probablement une d\u00e9cision dans une semaine si la WWE ne le fait pas.<\/p>\n\n\n\n<p>La WWE a continu\u00e9 de faire de la publicit\u00e9 pour WrestleMania 36 dans l&rsquo;\u00e9pisode SmackDown de cette semaine comme si tout allait de l&rsquo;avant, mais les promos n&rsquo;incluaient pas la date r\u00e9elle du 5 avril. Nous avons not\u00e9 plus t\u00f4t cette semaine que la WWE avait publi\u00e9 une d\u00e9claration pour confirmer qu&rsquo;elle avait des plans d&rsquo;urgence en place:<\/p>\n\n\n\n<blockquote class=\"wp-block-quote is-layout-flow wp-block-quote-is-layout-flow\"><p>\u00abBien que nous restions d\u00e9termin\u00e9s \u00e0 accueillir WrestleMania au stade Raymond James le dimanche 5 avril, nous mettons en place des plans d&rsquo;urgence en cas d&rsquo;annulation par des repr\u00e9sentants du gouvernement, des autorit\u00e9s civiles et \/ ou des sites locaux. La sant\u00e9 et la s\u00e9curit\u00e9 de nos fans, artistes et employ\u00e9s sont notre principale priorit\u00e9s et nous surveillons la situation de pr\u00e8s avec nos partenaires et les repr\u00e9sentants du gouvernement \u00e0 Tampa Bay \u00bb, <\/p><\/blockquote>\n\n\n\n<p>Restez \u00e0 l&rsquo;\u00e9coute pour des mises \u00e0 jour sur l&rsquo;\u00e9tat de  la semaine de WrestleMania 36  \u00e0 Tampa. <\/p>\n\n\n\n<p>Vous trouverez ci-dessous les informations locales sur la situation:<\/p>\n\n\n\n<iframe scrolling=\"no\" frameborder=\"0\" allowfullscreen webkitallowfullscreen mozallowfullscreen allow=\"autoplay; fullscreen\" src=\"https:\/\/w3.cdn.anvato.net\/player\/prod\/v3\/anvload.html?key=eyJtIjoiRVBGT1giLCJ2IjoiNjY0MjA2IiwiYW52YWNrIjoiYm00T3ZyZ3hkMnNWRzkwY2R1ZXZEODJpWDI2SzdBcDAiLCJzaGFyZUxpbmsiOiJodHRwczovL3d3dy5mb3gxM25ld3MuY29tL25ld3Mvd3dlLXB1dHRpbmctY29udGluZ2VuY3ktcGxhbnMtaW4tcGxhY2UtaWYtaGlsbHNib3JvdWdoLWNvdW50eS1jYW5jZWxzLXdyZXN0bGVtYW5pYS0zNiIsInBsdWdpbnMiOnsiY3VzdG9tU2VnbWVudFBsdWdpbiI6eyJzY3JpcHQiOiJodHRwczovL3N0YXRpYy5mb3h0di5jb20vc3RhdGljL29yaW9uL3NjcmlwdHMvY29yZS91dGlscy9DdXN0b21TZWdtZW50UGx1Z2luLmpzIiwicHJpbWFyeV9idXNpbmVzc191bml0IjoiZnRzIiwic2Vjb25kYXJ5X2J1c2luZXNzX3VuaXQiOiJ3dHZ0IiwiYXBwX25hbWUiOiJmb3gxM25ld3MuY29tIiwiYXBwX3BsYXRmb3JtIjoid2ViIiwiYXBwX3ZlcnNpb24iOiIxLjAuMCIsInNlZ21lbnRJZCI6Ik5VMnVvbmtaN3lFR2pleVh3aHFwY3pRMTFQcHBMZEd2In0sImRmcCI6eyJjbGllbnRTaWRlIjp7ImFkVGFnVXJsIjoiaHR0cHM6Ly9wdWJhZHMuZy5kb3VibGVjbGljay5uZXQvZ2FtcGFkL2Fkcz9pdT0vNjM3OTA1NjQvd3R2dF9mb3gxMyZkZXNjcmlwdGlvbl91cmw9W3BsYWNlaG9sZGVyXSZlbnY9dnAmaW1wbD1zJmNvcnJlbGF0b3I9JnRmY2Q9MCZucGE9MCZnZGZwX3JlcT0xJm91dHB1dD12YXN0JnN6PTEwMDF4MTAwMSZ1bnZpZXdlZF9wb3NpdGlvbl9zdGFydD0xIiwia2V5VmFsdWVzIjp7InN0eXBlIjpbIm5ld3MiXSwicHR5cGUiOiJ2aWRlby1jbGlwIiwiYyI6WyJuZXdzIl0sImQiOiJ3ZWIifX0sImxpYnJhcnlSZXF1ZXN0ZWQiOnRydWV9LCJoZWFsdGhBbmFseXRpY3MiOnt9fSwiaHRtbDUiOnRydWUsImZvcm1hdCI6Im0zdTgiLCJ0b2tlbiI6ImV5SmhiR2NpT2lKSVV6STFOaUlzSW5SNWNDSTZJa3BYVkNKOS5leUoyYVdRaU9pSTJOalF5TURZaUxDSnBjM01pT2lKaWJUUlBkbkpuZUdReWMxWkhPVEJqWkhWbGRrUTRNbWxZTWpaTE4wRndNQ0lzSW1WNGNDSTZNVFU0TkRFMk5EUTVNaXdpYVdGMElqb3hOVGcwTVRZd09Ea3lmUS5CTTA1WE9rOE9XQ2pvcUdzWUI0SGVkM01vbVZ1aTBFanNEb1I0cTk2bjJrIn0%3D\"  width =\"640\" height=\"360\"><\/iframe>\n<center><p><script async=\"\" src=\"https:\/\/pagead2.googlesyndication.com\/pagead\/js\/adsbygoogle.js\"><\/script>\n<ins class=\"adsbygoogle\" style=\"display:block; text-align:center;\" data-ad-layout=\"in-article\" data-ad-format=\"fluid\" data-ad-client=\"ca-pub-1986975368136072\" data-ad-slot=\"7818521013\"><\/ins>\n<script>\n     (adsbygoogle = window.adsbygoogle || []).push({});\n<\/script><\/p><\/center>\n\n\n\n\n<p>Vous \u00eates libre  de suivre d\u00e8s maintenant Info-Lutte via notre <a href=\"https:\/\/www.facebook.com\/InfoLutte\/\">Nouvelle page Facebook <\/a>ou <a href=\"https:\/\/twitter.com\/InfoLutte\">Twitter @INFOLUTTE<\/a>. Et merci ne ne pas quitter sans visiter ce qui est autour du site  pour nous aider \u00e0 vous en offrir toujours plus, ici m\u00eame sur votre site pr\u00e9f\u00e9r\u00e9<\/p>\n\n\n\n<p><br>\nVous voulez faire parti de l&rsquo;\u00e9quipe, contactez moi via Facebook en <a href=\"https:\/\/www.facebook.com\/JasonDarkCashDescoteaux\/\">cliquant ici<\/a><\/p>\n\n\n\n<figure><iframe loading=\"lazy\" src=\"https:\/\/www.facebook.com\/plugins\/post.php?href=https%3A%2F%2Fwww.facebook.com%2FJasonDarkCashDescoteaux%2Fposts%2F2928607343839111&amp;width=500\" width=\"500\" height=\"287\"><\/iframe><\/figure>\n<p><\/p>","protected":false},"excerpt":{"rendered":"<p>Il semble que les responsables de la WWE et les responsables du comt\u00e9 de Hillsborough soient \u00abengag\u00e9s dans une impasse\u00bb sur le statut de WrestleMania 36, \u200b\u200bselon FOX13 \u00e0 Tampa, en Floride. Comme nous l&rsquo;avons not\u00e9 jeudi, les responsables de la WWE, y compris le pr\u00e9sident Vince McMahon, ont rencontr\u00e9 des responsables locaux plus t\u00f4t&#8230;<\/p>\n","protected":false},"author":2,"featured_media":23049,"comment_status":"open","ping_status":"closed","sticky":false,"template":"","format":"standard","meta":{"footnotes":""},"categories":[4,23],"tags":[],"ppma_author":[287],"class_list":["post-23040","post","type-post","status-publish","format-standard","has-post-thumbnail","hentry","category-news","category-wwe"],"authors":[{"term_id":287,"user_id":2,"is_guest":0,"slug":"jason","display_name":"Jason Desc\u00f4teaux","avatar_url":"https:\/\/secure.gravatar.com\/avatar\/f64adf6d13198c3a532c061cecd8672089a1e9a3d07c702dffe886a7e55a15eb?s=96&d=mm&r=g","0":null,"1":"","2":"","3":"","4":"","5":"","6":"","7":"","8":""}],"_links":{"self":[{"href":"https:\/\/www.jdx.info\/lutte\/wp-json\/wp\/v2\/posts\/23040","targetHints":{"allow":["GET"]}}],"collection":[{"href":"https:\/\/www.jdx.info\/lutte\/wp-json\/wp\/v2\/posts"}],"about":[{"href":"https:\/\/www.jdx.info\/lutte\/wp-json\/wp\/v2\/types\/post"}],"author":[{"embeddable":true,"href":"https:\/\/www.jdx.info\/lutte\/wp-json\/wp\/v2\/users\/2"}],"replies":[{"embeddable":true,"href":"https:\/\/www.jdx.info\/lutte\/wp-json\/wp\/v2\/comments?post=23040"}],"version-history":[{"count":1,"href":"https:\/\/www.jdx.info\/lutte\/wp-json\/wp\/v2\/posts\/23040\/revisions"}],"predecessor-version":[{"id":23048,"href":"https:\/\/www.jdx.info\/lutte\/wp-json\/wp\/v2\/posts\/23040\/revisions\/23048"}],"wp:featuredmedia":[{"embeddable":true,"href":"https:\/\/www.jdx.info\/lutte\/wp-json\/wp\/v2\/media\/23049"}],"wp:attachment":[{"href":"https:\/\/www.jdx.info\/lutte\/wp-json\/wp\/v2\/media?parent=23040"}],"wp:term":[{"taxonomy":"category","embeddable":true,"href":"https:\/\/www.jdx.info\/lutte\/wp-json\/wp\/v2\/categories?post=23040"},{"taxonomy":"post_tag","embeddable":true,"href":"https:\/\/www.jdx.info\/lutte\/wp-json\/wp\/v2\/tags?post=23040"},{"taxonomy":"author","embeddable":true,"href":"https:\/\/www.jdx.info\/lutte\/wp-json\/wp\/v2\/ppma_author?post=23040"}],"curies":[{"name":"wp","href":"https:\/\/api.w.org\/{rel}","templated":true}]}}