{"id":22939,"date":"2020-03-13T14:55:10","date_gmt":"2020-03-13T18:55:10","guid":{"rendered":"http:\/\/www.jdx.info\/lutte\/?p=22939"},"modified":"2020-03-13T14:59:47","modified_gmt":"2020-03-13T18:59:47","slug":"roman-reigns-excite-pour-le-smackdown-de-ce-soir-john-cena-est-pret-et-plus","status":"publish","type":"post","link":"https:\/\/www.jdx.info\/lutte\/2020\/03\/13\/roman-reigns-excite-pour-le-smackdown-de-ce-soir-john-cena-est-pret-et-plus\/","title":{"rendered":"Roman Reigns Excit\u00e9 Pour Le Smackdown de Ce Soir! John Cena Est Pr\u00eat! Et Plus!"},"content":{"rendered":"\n<p>Roman Reigns a confirm\u00e9 qu&rsquo;il sera au WWE Performance Center \u00e0 Orlando pour l&rsquo;\u00e9pisode <a href=\"https:\/\/www.jdx.info\/lutte\/2020\/03\/13\/the-show-must-go-on-retour-de-jeff-hardy-cena-va-repondre-a-bryatt-paige-va-confronter-bayley-et-plus-a-smackdown\/\" target=\"_blank\" rel=\"noreferrer noopener\" aria-label=\" (s\u2019ouvre dans un nouvel onglet)\">SmackDown<\/a> de ce soir qui sera diffus\u00e9 sur FOX mais sans foule en raison de la pand\u00e9mie de coronavirus.<\/p>\n\n\n\n<p>Reigns a tweet\u00e9 et a dit qu&rsquo;il \u00e9tait excit\u00e9 pour le spectacle de ce soir.<\/p>\n\n\n\n<blockquote class=\"wp-block-quote is-layout-flow wp-block-quote-is-layout-flow\"><p>\u00abAhh yessir, en route pour Orlando maintenant. En fait, excit\u00e9 de voir le PC et de le changer un peu !! #SmackDownLIVE \u00bb,<\/p><\/blockquote>\n\n\n\n<p>Toujours concernant le <a href=\"https:\/\/www.jdx.info\/lutte\/2020\/03\/13\/the-show-must-go-on-retour-de-jeff-hardy-cena-va-repondre-a-bryatt-paige-va-confronter-bayley-et-plus-a-smackdown\/\" target=\"_blank\" rel=\"noreferrer noopener\" aria-label=\"Smackdown (s\u2019ouvre dans un nouvel onglet)\"><strong>Smackdown<\/strong><\/a> de ce soir, il semble que John Cena soit pr\u00eat pour l&rsquo;\u00e9pisode sur FOX de ce soir au WWE Performance Center \u00e0 Orlando, en Floride.<\/p>\n\n\n\n<p>Cena a tweet\u00e9 aujourd&rsquo;hui pour promettre aux fans une soir\u00e9e divertissante.<\/p>\n\n\n\n<blockquote class=\"wp-block-quote is-layout-flow wp-block-quote-is-layout-flow\"><p>\u00ab\u00a0J&rsquo;ai eu la chance incroyable de faire partie de certains moments\u00a0\u00bb historiques \u00ab\u00a0. Il se passe beaucoup de choses, mais ce soir, notre famille apportera du divertissement \u00e0 la v\u00f4tre. #Smackdown TONIGHT sur @WWEonFox! @WWE \u00bb<\/p><\/blockquote>\n\n\n\n<p class=\"has-medium-font-size\"><a href=\"https:\/\/www.jdx.info\/lutte\/2020\/03\/13\/the-show-must-go-on-retour-de-jeff-hardy-cena-va-repondre-a-bryatt-paige-va-confronter-bayley-et-plus-a-smackdown\/\"><strong>Pour en savoir plus sur le Smackdown de ce soir, cliquez ici.<\/strong><\/a><\/p>\n<p><\/p>","protected":false},"excerpt":{"rendered":"<p>Roman Reigns a confirm\u00e9 qu&rsquo;il sera au WWE Performance Center \u00e0 Orlando pour l&rsquo;\u00e9pisode SmackDown de ce soir qui sera diffus\u00e9 sur FOX mais sans foule en raison de la pand\u00e9mie de coronavirus. Reigns a tweet\u00e9 et a dit qu&rsquo;il \u00e9tait excit\u00e9 pour le spectacle de ce soir. \u00abAhh yessir, en route pour Orlando maintenant&#8230;.<\/p>\n","protected":false},"author":4,"featured_media":22940,"comment_status":"open","ping_status":"closed","sticky":false,"template":"","format":"standard","meta":{"footnotes":""},"categories":[4,23],"tags":[],"ppma_author":[292],"class_list":["post-22939","post","type-post","status-publish","format-standard","has-post-thumbnail","hentry","category-news","category-wwe"],"authors":[{"term_id":292,"user_id":4,"is_guest":0,"slug":"jean","display_name":"Jean Vinnier","avatar_url":"https:\/\/secure.gravatar.com\/avatar\/33aba0263fd870a0b487e0e079ff407e10e3997c9d2987cbcc0db0db2c5c75a9?s=96&d=mm&r=g","0":null,"1":"","2":"","3":"","4":"","5":"","6":"","7":"","8":""}],"_links":{"self":[{"href":"https:\/\/www.jdx.info\/lutte\/wp-json\/wp\/v2\/posts\/22939","targetHints":{"allow":["GET"]}}],"collection":[{"href":"https:\/\/www.jdx.info\/lutte\/wp-json\/wp\/v2\/posts"}],"about":[{"href":"https:\/\/www.jdx.info\/lutte\/wp-json\/wp\/v2\/types\/post"}],"author":[{"embeddable":true,"href":"https:\/\/www.jdx.info\/lutte\/wp-json\/wp\/v2\/users\/4"}],"replies":[{"embeddable":true,"href":"https:\/\/www.jdx.info\/lutte\/wp-json\/wp\/v2\/comments?post=22939"}],"version-history":[{"count":2,"href":"https:\/\/www.jdx.info\/lutte\/wp-json\/wp\/v2\/posts\/22939\/revisions"}],"predecessor-version":[{"id":22942,"href":"https:\/\/www.jdx.info\/lutte\/wp-json\/wp\/v2\/posts\/22939\/revisions\/22942"}],"wp:featuredmedia":[{"embeddable":true,"href":"https:\/\/www.jdx.info\/lutte\/wp-json\/wp\/v2\/media\/22940"}],"wp:attachment":[{"href":"https:\/\/www.jdx.info\/lutte\/wp-json\/wp\/v2\/media?parent=22939"}],"wp:term":[{"taxonomy":"category","embeddable":true,"href":"https:\/\/www.jdx.info\/lutte\/wp-json\/wp\/v2\/categories?post=22939"},{"taxonomy":"post_tag","embeddable":true,"href":"https:\/\/www.jdx.info\/lutte\/wp-json\/wp\/v2\/tags?post=22939"},{"taxonomy":"author","embeddable":true,"href":"https:\/\/www.jdx.info\/lutte\/wp-json\/wp\/v2\/ppma_author?post=22939"}],"curies":[{"name":"wp","href":"https:\/\/api.w.org\/{rel}","templated":true}]}}