{"id":22859,"date":"2020-03-12T05:30:53","date_gmt":"2020-03-12T09:30:53","guid":{"rendered":"http:\/\/www.jdx.info\/lutte\/?p=22859"},"modified":"2020-03-12T05:32:31","modified_gmt":"2020-03-12T09:32:31","slug":"cest-officiel-le-british-bulldog-sera-intronise-au-wwe-hall-of-fame","status":"publish","type":"post","link":"https:\/\/www.jdx.info\/lutte\/2020\/03\/12\/cest-officiel-le-british-bulldog-sera-intronise-au-wwe-hall-of-fame\/","title":{"rendered":"C&rsquo;est Officiel, Le British Bulldog Sera Intronis\u00e9 au WWE Hall of Fame!"},"content":{"rendered":"\n<p>C&rsquo;\u00e9tait \u00e0 l&rsquo;\u00e9tat de rumeur il y a encore quelques jours, la l\u00e9gende de la lutte professionnelle \u00abThe British Bulldog\u00bb, Davey Boy Smith, est officiellement sur la liste de ceux qui seront intronis\u00e9s au WWE Hall of Fame 2020.<\/p>\n\n\n\n<p>L\u2019intronisation de Bulldog a \u00e9t\u00e9 confirm\u00e9e par Corey Graves dans la derni\u00e8re \u00e9dition du podcast \u00abAfter The Bell\u00bb de la WWE.<\/p>\n\n\n\n<p>Le Bulldog est un ancien champion  Intercontinental, europ\u00e9enne, Hardcore et par \u00e9quipe. Il est d\u00e9c\u00e9d\u00e9 \u00e0 l\u2019\u00e2ge de 39 ans le 18 mai 2002. <\/p>\n\n\n\n<p>L\u2019intronisation de Bulldog avait d\u00e9j\u00e0 \u00e9t\u00e9 divulgu\u00e9e et il avait \u00e9t\u00e9 signal\u00e9 que toute la famille Hart se rendrait \u00e0 Tampa pour l\u2019intronisation cette ann\u00e9e. Il a \u00e9galement \u00e9t\u00e9 signal\u00e9 que Bret Hart, introniserait son beau-fr\u00e8re \u00e0 titre posthume. <\/p>\n\n\n\n<p>Comme vous le savez, les lutteurs et les fans poussent depuis plusieurs ann\u00e9es \u00e0 l\u2019entr\u00e9e du Temple de la renomm\u00e9e du Bulldog. La sp\u00e9culation a repris apr\u00e8s que le fils de Davey Boy Smith, Davey Boy Smith Jr, soit r\u00e9cemment apparu sur l&rsquo;\u00e9mission \u00ab\u00a0The Bump\u00a0\u00bb de la WWE apr\u00e8s avoir \u00e9t\u00e9 absent de la soci\u00e9t\u00e9 depuis 2011.<\/p>\n\n\n\n<p>La c\u00e9r\u00e9monie d&rsquo;intronisation du WWE Hall of Fame 2020 aura lieu le jeudi 2 avril \u00e0 l&rsquo;Amalie Arena de Tampa, en Floride, pendant la 36e \u00e9dition de WrestleMania. Il sera diffus\u00e9 en direct sur le WWE Network, et bien s\u00fbre nous vous donnerons des liens pour le voir en direct ou en reprise. <\/p>\n<p><\/p>","protected":false},"excerpt":{"rendered":"<p>C&rsquo;\u00e9tait \u00e0 l&rsquo;\u00e9tat de rumeur il y a encore quelques jours, la l\u00e9gende de la lutte professionnelle \u00abThe British Bulldog\u00bb, Davey Boy Smith, est officiellement sur la liste de ceux qui seront intronis\u00e9s au WWE Hall of Fame 2020. L\u2019intronisation de Bulldog a \u00e9t\u00e9 confirm\u00e9e par Corey Graves dans la derni\u00e8re \u00e9dition du podcast \u00abAfter&#8230;<\/p>\n","protected":false},"author":4,"featured_media":22865,"comment_status":"open","ping_status":"closed","sticky":false,"template":"","format":"standard","meta":{"footnotes":""},"categories":[30,4,23],"tags":[],"ppma_author":[292],"class_list":["post-22859","post","type-post","status-publish","format-standard","has-post-thumbnail","hentry","category-ex-wwe","category-news","category-wwe"],"authors":[{"term_id":292,"user_id":4,"is_guest":0,"slug":"jean","display_name":"Jean Vinnier","avatar_url":"https:\/\/secure.gravatar.com\/avatar\/33aba0263fd870a0b487e0e079ff407e10e3997c9d2987cbcc0db0db2c5c75a9?s=96&d=mm&r=g","0":null,"1":"","2":"","3":"","4":"","5":"","6":"","7":"","8":""}],"_links":{"self":[{"href":"https:\/\/www.jdx.info\/lutte\/wp-json\/wp\/v2\/posts\/22859","targetHints":{"allow":["GET"]}}],"collection":[{"href":"https:\/\/www.jdx.info\/lutte\/wp-json\/wp\/v2\/posts"}],"about":[{"href":"https:\/\/www.jdx.info\/lutte\/wp-json\/wp\/v2\/types\/post"}],"author":[{"embeddable":true,"href":"https:\/\/www.jdx.info\/lutte\/wp-json\/wp\/v2\/users\/4"}],"replies":[{"embeddable":true,"href":"https:\/\/www.jdx.info\/lutte\/wp-json\/wp\/v2\/comments?post=22859"}],"version-history":[{"count":1,"href":"https:\/\/www.jdx.info\/lutte\/wp-json\/wp\/v2\/posts\/22859\/revisions"}],"predecessor-version":[{"id":22864,"href":"https:\/\/www.jdx.info\/lutte\/wp-json\/wp\/v2\/posts\/22859\/revisions\/22864"}],"wp:featuredmedia":[{"embeddable":true,"href":"https:\/\/www.jdx.info\/lutte\/wp-json\/wp\/v2\/media\/22865"}],"wp:attachment":[{"href":"https:\/\/www.jdx.info\/lutte\/wp-json\/wp\/v2\/media?parent=22859"}],"wp:term":[{"taxonomy":"category","embeddable":true,"href":"https:\/\/www.jdx.info\/lutte\/wp-json\/wp\/v2\/categories?post=22859"},{"taxonomy":"post_tag","embeddable":true,"href":"https:\/\/www.jdx.info\/lutte\/wp-json\/wp\/v2\/tags?post=22859"},{"taxonomy":"author","embeddable":true,"href":"https:\/\/www.jdx.info\/lutte\/wp-json\/wp\/v2\/ppma_author?post=22859"}],"curies":[{"name":"wp","href":"https:\/\/api.w.org\/{rel}","templated":true}]}}