{"id":22772,"date":"2020-03-11T11:32:57","date_gmt":"2020-03-11T15:32:57","guid":{"rendered":"http:\/\/www.jdx.info\/lutte\/?p=22772"},"modified":"2020-03-11T11:33:11","modified_gmt":"2020-03-11T15:33:11","slug":"le-coronavirus-fait-mal-a-chris-jericho","status":"publish","type":"post","link":"https:\/\/www.jdx.info\/lutte\/2020\/03\/11\/le-coronavirus-fait-mal-a-chris-jericho\/","title":{"rendered":"Le Coronavirus Fait Mal \u00e0 Chris Jericho!"},"content":{"rendered":"\n<p> Il y a\u00a0quelques jours, il \u00e9tait rapport\u00e9 que Chris Jericho allait faire une tourn\u00e9e avec son groupe de rock Fozzy pour les mois d&rsquo;avril et mai. <\/p>\n\n\n\n<p>Mauvais timing pour l&rsquo;ancien champion de la AEW, le virus  SRAS-CoV-2 de son vrai nom, a pris une ampleur de plus en plus grande depuis, au point de rendre la vente de billets et la tenue des concerts tr\u00e8s difficile, bien que rien de soit annul\u00e9 pour le moment.<\/p>\n\n\n\n<p>A l&rsquo;occasion d&rsquo;un \u00e9change avec TMZ, Jericho a d&rsquo;ailleurs donn\u00e9 son avis sur la situation actuelle au sujet de ce coronavirus qui donne le Covid-19 comme maladie. <\/p>\n\n\n\n<blockquote class=\"wp-block-quote is-layout-flow wp-block-quote-is-layout-flow\"><p> Je ne crois pas que le public devrait paniquer \u00e0 ce point. A moins que les policiers nous disent de ne pas les faire (leurs concerts) &#8230; c&rsquo;est une hyst\u00e9rie collective. <\/p><\/blockquote>\n<p><\/p>","protected":false},"excerpt":{"rendered":"<p>Il y a\u00a0quelques jours, il \u00e9tait rapport\u00e9 que Chris Jericho allait faire une tourn\u00e9e avec son groupe de rock Fozzy pour les mois d&rsquo;avril et mai. Mauvais timing pour l&rsquo;ancien champion de la AEW, le virus SRAS-CoV-2 de son vrai nom, a pris une ampleur de plus en plus grande depuis, au point de rendre&#8230;<\/p>\n","protected":false},"author":4,"featured_media":22777,"comment_status":"open","ping_status":"closed","sticky":false,"template":"","format":"standard","meta":{"footnotes":""},"categories":[24,30,4],"tags":[],"ppma_author":[292],"class_list":["post-22772","post","type-post","status-publish","format-standard","has-post-thumbnail","hentry","category-aew-impact-njpw-roh","category-ex-wwe","category-news"],"authors":[{"term_id":292,"user_id":4,"is_guest":0,"slug":"jean","display_name":"Jean Vinnier","avatar_url":"https:\/\/secure.gravatar.com\/avatar\/33aba0263fd870a0b487e0e079ff407e10e3997c9d2987cbcc0db0db2c5c75a9?s=96&d=mm&r=g","0":null,"1":"","2":"","3":"","4":"","5":"","6":"","7":"","8":""}],"_links":{"self":[{"href":"https:\/\/www.jdx.info\/lutte\/wp-json\/wp\/v2\/posts\/22772","targetHints":{"allow":["GET"]}}],"collection":[{"href":"https:\/\/www.jdx.info\/lutte\/wp-json\/wp\/v2\/posts"}],"about":[{"href":"https:\/\/www.jdx.info\/lutte\/wp-json\/wp\/v2\/types\/post"}],"author":[{"embeddable":true,"href":"https:\/\/www.jdx.info\/lutte\/wp-json\/wp\/v2\/users\/4"}],"replies":[{"embeddable":true,"href":"https:\/\/www.jdx.info\/lutte\/wp-json\/wp\/v2\/comments?post=22772"}],"version-history":[{"count":1,"href":"https:\/\/www.jdx.info\/lutte\/wp-json\/wp\/v2\/posts\/22772\/revisions"}],"predecessor-version":[{"id":22778,"href":"https:\/\/www.jdx.info\/lutte\/wp-json\/wp\/v2\/posts\/22772\/revisions\/22778"}],"wp:featuredmedia":[{"embeddable":true,"href":"https:\/\/www.jdx.info\/lutte\/wp-json\/wp\/v2\/media\/22777"}],"wp:attachment":[{"href":"https:\/\/www.jdx.info\/lutte\/wp-json\/wp\/v2\/media?parent=22772"}],"wp:term":[{"taxonomy":"category","embeddable":true,"href":"https:\/\/www.jdx.info\/lutte\/wp-json\/wp\/v2\/categories?post=22772"},{"taxonomy":"post_tag","embeddable":true,"href":"https:\/\/www.jdx.info\/lutte\/wp-json\/wp\/v2\/tags?post=22772"},{"taxonomy":"author","embeddable":true,"href":"https:\/\/www.jdx.info\/lutte\/wp-json\/wp\/v2\/ppma_author?post=22772"}],"curies":[{"name":"wp","href":"https:\/\/api.w.org\/{rel}","templated":true}]}}