{"id":22381,"date":"2020-03-07T15:33:25","date_gmt":"2020-03-07T20:33:25","guid":{"rendered":"http:\/\/www.jdx.info\/lutte\/?p=22381"},"modified":"2020-03-07T15:33:37","modified_gmt":"2020-03-07T20:33:37","slug":"la-aew-tease-clairement-le-nom-de-matt-hardy-avec-le-dark-order-aew-impact-nwa-ou-nxt","status":"publish","type":"post","link":"https:\/\/www.jdx.info\/lutte\/2020\/03\/07\/la-aew-tease-clairement-le-nom-de-matt-hardy-avec-le-dark-order-aew-impact-nwa-ou-nxt\/","title":{"rendered":"La AEW Tease Clairement le Nom de Matt Hardy Avec Le Dark Order! AEW, Impact, NWA ou NXT!"},"content":{"rendered":"\n<p>&#8211; Il ny a pas une journ\u00e9e qu&rsquo;on ne vous a pas parl\u00e9 de lui cette semaine et on continu avec Matt Hardy qui occupe de nouveau l&rsquo;actualit\u00e9. <\/p>\n\n\n\n<p> Alors qu&rsquo;il a laiss\u00e9 plan\u00e9 le doute depuis quelques jours, le fr\u00e8re de Jeff Hardy vient de faire une r\u00e9v\u00e9lation \u00e0 Sports Illustrated. Le lutteur indique ainsi \u00eatre en discussion avec quatre structures qui sont la NXT, la AEW, Impact et la NWA, et n&rsquo;a pas mentionn\u00e9 la ROH avec qui il s&rsquo;\u00e9tait fait challenger par le champion PCO. <\/p>\n\n\n\n<p>Il a pr\u00e9cis\u00e9 qu&rsquo;il a discut\u00e9 notamment avec les Young Bucks, qui sont tr\u00e8s proches de lui, il a des contacts avec Impact qui est toujours l\u00e9galement la TNA, mais aussi avec Triple H pour savoir qu&rsquo;est-ce-qu&rsquo;il serait amen\u00e9 \u00e0 faire s&rsquo;il rejoignait le show jaune &amp; noir. Pour l&rsquo;instant, il n&rsquo;a pas encore pris de d\u00e9cision. Pour ce qui est de NXT bien qu&rsquo;il se soit informer, cette option semble \u00e9cart\u00e9e d&#8217;embl\u00e9e mais il ne faut jamais dire jamais.<\/p>\n\n\n\n<p>&#8211; La All Elite Wrestling a publi\u00e9 le dernier teaser de la r\u00e9v\u00e9lation de The  \u00ab\u00a0<strong>Exalted One of The Dark Order<\/strong>\u00a0\u00bb hier soir, ajoutant aux rumeurs et aux sp\u00e9culations sur celui qui vient de quitter la WWE qui serait pressenti pour diriger le groupe.<\/p>\n\n\n\n<p>Comme nous l&rsquo;avons not\u00e9, Matt devrait signer avec AEW mais cela n&rsquo;a pas encore \u00e9t\u00e9 confirm\u00e9, et il n&rsquo;y a pas encore de mot solide sur ce qu&rsquo;il fera s&rsquo;il signe avec la promotion dirig\u00e9 par Cody Rhodes et les Young Bucks.<\/p>\n\n\n\n<p>Vous pouvez voir que la premi\u00e8re lettre de chaque ligne dans les nouveaux sorts \u00ab\u00a0MATT HARDY\u00a0\u00bb.<\/p>\n\n\n\n<blockquote class=\"wp-block-quote is-layout-flow wp-block-quote-is-layout-flow\"><p><em><strong>M<\/strong><\/em>ADE FROM THE VOID OF HOPELESSNESS<br><em><strong>A<\/strong><\/em>ND FROM TIME SPENT AWAY WITH THE SHADOWS<br><em><strong>T<\/strong><\/em>HIS IS WHAT IT TOOK FOR ME TO ARRIVE<br><em><strong>T<\/strong><\/em>HE CALLING\u2026.<\/p><p><em><strong>H<\/strong><\/em>ELLO?<br><em><strong>A<\/strong><\/em>RE YOU THERE?<br><em><strong>R<\/strong><\/em>EADY &amp; WAITING<br><em><strong>D<\/strong><\/em>ARK ORDER WELCOMES ME<br><em><strong>Y<\/strong><\/em>OU ARE HERE<\/p><\/blockquote>\n\n\n\n<p>Hardy, qui est maintenant un agent libre apr\u00e8s l&rsquo;expiration de son contrat avec la WWE le week-end dernier, n&rsquo;a pas reconnu le teaser AEW \u00e0 ce jour. Vous pouvez voir le tweet complet ci-dessous:<\/p>\n\n\n\n<blockquote class=\"twitter-tweet\"><p lang=\"und\" dir=\"ltr\"><a href=\"https:\/\/t.co\/ROAen7tpqD\">pic.twitter.com\/ROAen7tpqD<\/a><\/p>&mdash; All Elite Wrestling (@AEWrestling) <a href=\"https:\/\/twitter.com\/AEWrestling\/status\/1236200204996620289?ref_src=twsrc%5Etfw\">March 7, 2020<\/a><\/blockquote> <script async src=\"https:\/\/platform.twitter.com\/widgets.js\" charset=\"utf-8\"><\/script>\n\n\n\n<p><\/p>\n<p><\/p>","protected":false},"excerpt":{"rendered":"<p>&#8211; Il ny a pas une journ\u00e9e qu&rsquo;on ne vous a pas parl\u00e9 de lui cette semaine et on continu avec Matt Hardy qui occupe de nouveau l&rsquo;actualit\u00e9. Alors qu&rsquo;il a laiss\u00e9 plan\u00e9 le doute depuis quelques jours, le fr\u00e8re de Jeff Hardy vient de faire une r\u00e9v\u00e9lation \u00e0 Sports Illustrated. Le lutteur indique ainsi&#8230;<\/p>\n","protected":false},"author":4,"featured_media":22386,"comment_status":"open","ping_status":"closed","sticky":false,"template":"","format":"standard","meta":{"footnotes":""},"categories":[24,4],"tags":[],"ppma_author":[292],"class_list":["post-22381","post","type-post","status-publish","format-standard","has-post-thumbnail","hentry","category-aew-impact-njpw-roh","category-news"],"authors":[{"term_id":292,"user_id":4,"is_guest":0,"slug":"jean","display_name":"Jean Vinnier","avatar_url":"https:\/\/secure.gravatar.com\/avatar\/33aba0263fd870a0b487e0e079ff407e10e3997c9d2987cbcc0db0db2c5c75a9?s=96&d=mm&r=g","0":null,"1":"","2":"","3":"","4":"","5":"","6":"","7":"","8":""}],"_links":{"self":[{"href":"https:\/\/www.jdx.info\/lutte\/wp-json\/wp\/v2\/posts\/22381","targetHints":{"allow":["GET"]}}],"collection":[{"href":"https:\/\/www.jdx.info\/lutte\/wp-json\/wp\/v2\/posts"}],"about":[{"href":"https:\/\/www.jdx.info\/lutte\/wp-json\/wp\/v2\/types\/post"}],"author":[{"embeddable":true,"href":"https:\/\/www.jdx.info\/lutte\/wp-json\/wp\/v2\/users\/4"}],"replies":[{"embeddable":true,"href":"https:\/\/www.jdx.info\/lutte\/wp-json\/wp\/v2\/comments?post=22381"}],"version-history":[{"count":1,"href":"https:\/\/www.jdx.info\/lutte\/wp-json\/wp\/v2\/posts\/22381\/revisions"}],"predecessor-version":[{"id":22387,"href":"https:\/\/www.jdx.info\/lutte\/wp-json\/wp\/v2\/posts\/22381\/revisions\/22387"}],"wp:featuredmedia":[{"embeddable":true,"href":"https:\/\/www.jdx.info\/lutte\/wp-json\/wp\/v2\/media\/22386"}],"wp:attachment":[{"href":"https:\/\/www.jdx.info\/lutte\/wp-json\/wp\/v2\/media?parent=22381"}],"wp:term":[{"taxonomy":"category","embeddable":true,"href":"https:\/\/www.jdx.info\/lutte\/wp-json\/wp\/v2\/categories?post=22381"},{"taxonomy":"post_tag","embeddable":true,"href":"https:\/\/www.jdx.info\/lutte\/wp-json\/wp\/v2\/tags?post=22381"},{"taxonomy":"author","embeddable":true,"href":"https:\/\/www.jdx.info\/lutte\/wp-json\/wp\/v2\/ppma_author?post=22381"}],"curies":[{"name":"wp","href":"https:\/\/api.w.org\/{rel}","templated":true}]}}