{"id":22299,"date":"2020-03-06T18:50:32","date_gmt":"2020-03-06T23:50:32","guid":{"rendered":"http:\/\/www.jdx.info\/lutte\/?p=22299"},"modified":"2020-03-08T00:19:40","modified_gmt":"2020-03-08T05:19:40","slug":"edge-sera-a-raw-ce-lundi-pour-reagir-au-rko-dorton-sur-sa-femme","status":"publish","type":"post","link":"https:\/\/www.jdx.info\/lutte\/2020\/03\/06\/edge-sera-a-raw-ce-lundi-pour-reagir-au-rko-dorton-sur-sa-femme\/","title":{"rendered":"Edge Sera \u00e0 RAW ce Lundi Pour R\u00e9agir au RKO d&rsquo;Orton Sur Sa Femme!"},"content":{"rendered":"\n<p>Comme nous l&rsquo;avions annonc\u00e9 \u00e0 la fin f\u00e9vrier, nous avons apprit via la salle du Capital One Arena qui re\u00e7oit l&rsquo;\u00e9dition de RAW du 9 mars\u00a0qu&rsquo;Edge allait faire son retour pour nous parler de son \u00e9tat de sant\u00e9. L&rsquo;annonce avait \u00e9t\u00e9 supprim\u00e9e quelques jours plus tard pour tenter de cacher le spoiler qui avait \u00e9t\u00e9 cr\u00e9\u00e9. <\/p>\n\n\n\n<p>La WWE a finalement confirm\u00e9 aujourd&rsquo;hui&nbsp;qu&rsquo;Edge sera bien de retour \u00e0 RAW ce lundi pour ce premier show post-Elimination Chamber&nbsp; et le dernier droit de la route pour WrestleMania! <\/p>\n\n\n\n<p>Il viendra r\u00e9agir au suite aux derni\u00e8res attaques de Randy Orton et effectuera une mise \u00e0 jour sur sa condition physique.<\/p>\n\n\n\n<p>Rappelons qu&rsquo;Edge est absent depuis maintenant un mois alors que Randy Orton l&rsquo;avait frapp\u00e9 \u00e0 la t\u00eate avec une chaise. Nous ne savons pas depuis dans cette \u00ab\u00a0storyline\u00a0\u00bb si Edge pourra remonter sur le ring. Depuis, Randy Orton a attaqu\u00e9 son ami Matt Hardy et sa femme Beth Phoenix en les envoyant \u00e0 l&rsquo;h\u00f4pital. <\/p>\n\n\n\n<p>On peut donc s&rsquo;imaginer que l&rsquo;heure sera \u00e0 la vengeance pour le Rated R SuperStar!<\/p>\n<p><\/p>","protected":false},"excerpt":{"rendered":"<p>Comme nous l&rsquo;avions annonc\u00e9 \u00e0 la fin f\u00e9vrier, nous avons apprit via la salle du Capital One Arena qui re\u00e7oit l&rsquo;\u00e9dition de RAW du 9 mars\u00a0qu&rsquo;Edge allait faire son retour pour nous parler de son \u00e9tat de sant\u00e9. L&rsquo;annonce avait \u00e9t\u00e9 supprim\u00e9e quelques jours plus tard pour tenter de cacher le spoiler qui avait \u00e9t\u00e9&#8230;<\/p>\n","protected":false},"author":4,"featured_media":22304,"comment_status":"open","ping_status":"closed","sticky":false,"template":"","format":"standard","meta":{"footnotes":""},"categories":[4,23],"tags":[],"ppma_author":[292],"class_list":["post-22299","post","type-post","status-publish","format-standard","has-post-thumbnail","hentry","category-news","category-wwe"],"authors":[{"term_id":292,"user_id":4,"is_guest":0,"slug":"jean","display_name":"Jean Vinnier","avatar_url":"https:\/\/secure.gravatar.com\/avatar\/33aba0263fd870a0b487e0e079ff407e10e3997c9d2987cbcc0db0db2c5c75a9?s=96&d=mm&r=g","0":null,"1":"","2":"","3":"","4":"","5":"","6":"","7":"","8":""}],"_links":{"self":[{"href":"https:\/\/www.jdx.info\/lutte\/wp-json\/wp\/v2\/posts\/22299","targetHints":{"allow":["GET"]}}],"collection":[{"href":"https:\/\/www.jdx.info\/lutte\/wp-json\/wp\/v2\/posts"}],"about":[{"href":"https:\/\/www.jdx.info\/lutte\/wp-json\/wp\/v2\/types\/post"}],"author":[{"embeddable":true,"href":"https:\/\/www.jdx.info\/lutte\/wp-json\/wp\/v2\/users\/4"}],"replies":[{"embeddable":true,"href":"https:\/\/www.jdx.info\/lutte\/wp-json\/wp\/v2\/comments?post=22299"}],"version-history":[{"count":2,"href":"https:\/\/www.jdx.info\/lutte\/wp-json\/wp\/v2\/posts\/22299\/revisions"}],"predecessor-version":[{"id":22401,"href":"https:\/\/www.jdx.info\/lutte\/wp-json\/wp\/v2\/posts\/22299\/revisions\/22401"}],"wp:featuredmedia":[{"embeddable":true,"href":"https:\/\/www.jdx.info\/lutte\/wp-json\/wp\/v2\/media\/22304"}],"wp:attachment":[{"href":"https:\/\/www.jdx.info\/lutte\/wp-json\/wp\/v2\/media?parent=22299"}],"wp:term":[{"taxonomy":"category","embeddable":true,"href":"https:\/\/www.jdx.info\/lutte\/wp-json\/wp\/v2\/categories?post=22299"},{"taxonomy":"post_tag","embeddable":true,"href":"https:\/\/www.jdx.info\/lutte\/wp-json\/wp\/v2\/tags?post=22299"},{"taxonomy":"author","embeddable":true,"href":"https:\/\/www.jdx.info\/lutte\/wp-json\/wp\/v2\/ppma_author?post=22299"}],"curies":[{"name":"wp","href":"https:\/\/api.w.org\/{rel}","templated":true}]}}