{"id":22261,"date":"2020-03-05T15:15:18","date_gmt":"2020-03-05T20:15:18","guid":{"rendered":"http:\/\/www.jdx.info\/lutte\/?p=22261"},"modified":"2020-03-05T15:15:32","modified_gmt":"2020-03-05T20:15:32","slug":"matt-hardy-explique-clairement-ses-raisons-de-quitter-la-wwe-il-veut-un-role-de-premier-plan-remercie-vince-et-plus","status":"publish","type":"post","link":"https:\/\/www.jdx.info\/lutte\/2020\/03\/05\/matt-hardy-explique-clairement-ses-raisons-de-quitter-la-wwe-il-veut-un-role-de-premier-plan-remercie-vince-et-plus\/","title":{"rendered":"Matt Hardy Explique Clairement Ses Raisons de Quitter La WWE! Il Veut un R\u00f4le de Premier Plan! Remercie Vince, et Plus!"},"content":{"rendered":"\n<p>Chaque fois qu&rsquo;une SuperStar quitte la WWE cela fait parler mais depuis Dean Ambrose l&rsquo;an dernier, c&rsquo;est Matt Hardy qui vole la vedette dans les nouvelles depuis avant m\u00eame que son contrat ne finisse avec la WWE. Comme vous le savez les rumeurs l&rsquo;envoient \u00e0 la AEW, un challenge contre le champion de la ROH PCO a m\u00eame \u00e9t\u00e9 fait sur Twitter entre les deux. En attendant qu&rsquo;il fasse son premier match hors de la WWE, voici ce qu&rsquo;il avait \u00e0 dire.<\/p>\n\n\n\n<p>Matt Hardy \u00e9tait l&rsquo;invit\u00e9 r\u00e9cent sur Busted Open Radio pour discuter de sa d\u00e9cision de quitter la WWE et d&rsquo;explorer l&rsquo;option d&rsquo;\u00eatre agent libre. The Broken One reste fid\u00e8le et reconnaissant \u00e0 la WWE et \u00e0 Vince McMahon mais dit qu&rsquo;il veut avoir la possibilit\u00e9 d&rsquo;utiliser son exp\u00e9rience et ses efforts cr\u00e9atifs. <\/p>\n\n\n\n<p>\u00catre reconnaissant \u00e0 Vince McMahon et \u00e0 la WWE. Ils sont sur une diff\u00e9rentes pages de mani\u00e8re cr\u00e9ative:<\/p>\n\n\n\n<blockquote class=\"wp-block-quote is-layout-flow wp-block-quote-is-layout-flow\"><p>Je suis tr\u00e8s reconnaissant, si ce n&rsquo;\u00e9tait pas de Vince McMahon de m&rsquo;avoir donn\u00e9 cette opportunit\u00e9 il y a plus de 20 ans, je n&rsquo;aurais pas eu cette vie que j&rsquo;ai. Je lui en serai toujours reconnaissant. M\u00eame s&rsquo;il y a des choses plus tard sur lesquelles nous ne nous sommes pas entendus, c&rsquo;est les affaires. En ce qui concerne Vince et la WWE, j&rsquo;ai un peu vieilli. Ma marque de divertissement et la fa\u00e7on dont je dois \u00eatre utilis\u00e9 ne font pas partie de leurs priorit\u00e9s et \u00e7a va. Je comprends cela et ce n\u2019est pas un probl\u00e8me. Je n&rsquo;ai aucun ressentiment envers personne. Je suis tr\u00e8s content du temps que j&rsquo;ai pass\u00e9 l\u00e0-bas et heureux de pouvoir revenir et quitter la WWE en tant qu&#8217;employ\u00e9 en agitant le drapeau. <\/p><p>Ce moment \u00e0 WrestleMania 33 \u00e9tait incroyable. Je suis tr\u00e8s heureux d&rsquo;avoir eu l&rsquo;occasion de faire une version de Broken Matt Hardy l\u00e0-bas. Ce n&rsquo;\u00e9tait pas tout ce que j&rsquo;aurais aim\u00e9 que ce soit. Cela aurait \u00e9t\u00e9 bien si j&rsquo;avais eut plus \u00e0 dire sur ce que je faisais, mais c&rsquo;est ce que c&rsquo;est. Ils m&rsquo;ont bien trait\u00e9 tout le temps. J&rsquo;ai eu d&rsquo;excellentes conversations avec tout le monde, mais de mani\u00e8re cr\u00e9ative, nous ne sommes que sur des pages diff\u00e9rentes. Rien contre eux, il \u00e9tait juste temps pour moi d&rsquo;aller ailleurs pour maximiser et optimiser ma cr\u00e9ativit\u00e9, surtout si je veux jouer un r\u00f4le de premier plan depuis trois ou quatre ans, il me reste \u00e0 faire \u00e7a.<\/p><\/blockquote>\n\n\n\n<p><strong> Ce qu&rsquo;il recherche ensuite dans sa carri\u00e8re:<\/strong><\/p>\n\n\n\n<blockquote class=\"wp-block-quote is-layout-flow wp-block-quote-is-layout-flow\"><p>Je cherche \u00e0 avoir un plus grand mot \u00e0 dire dans mon processus cr\u00e9atif. Je veux \u00eatre utilis\u00e9 d&rsquo;une mani\u00e8re que je devrais \u00eatre utilis\u00e9 pour un homme de 45 ans qui fait cela depuis 20 ans. Ne luttant pas tous les soirs, votre personnage prend la priorit\u00e9 sur vos performances sportives. C&rsquo;est ce que je veux. Si je peux trouver cette atmosph\u00e8re, j&rsquo;appelle cela mon Arcadia.<\/p><\/blockquote>\n\n\n\n<p>D&rsquo;ici \u00e0 ce qu&rsquo;on le voit \u00e0 la t\u00e9l\u00e9 quelque part, Matt sera avec d&rsquo;autres l\u00e9gendes du catch pour une s\u00e9ance de photos et de d\u00e9dicace ce week-end. Pour plus de <a href=\"https:\/\/www.jdx.info\/lutte\/2020\/03\/05\/un-premier-booking-hors-wwe-pour-matt-hardy-avec-the-undertaker-bret-hart-kevin-nash-et-lita\/\"><strong>d\u00e9tails, cliquez ici<\/strong><\/a>. <\/p>\n\n\n\n<center><p><script async=\"\" src=\"https:\/\/pagead2.googlesyndication.com\/pagead\/js\/adsbygoogle.js\"><\/script>\n<ins class=\"adsbygoogle\" style=\"display:block; text-align:center;\" data-ad-layout=\"in-article\" data-ad-format=\"fluid\" data-ad-client=\"ca-pub-1986975368136072\" data-ad-slot=\"7818521013\"><\/ins>\n<script>\n     (adsbygoogle = window.adsbygoogle || []).push({});\n<\/script><\/p><\/center>\n\n\n\n\n<p>Vous \u00eates libre  de suivre d\u00e8s maintenant Info-Lutte via notre <a href=\"https:\/\/www.facebook.com\/InfoLutte\/\">Nouvelle page Facebook <\/a>ou <a href=\"https:\/\/twitter.com\/InfoLutte\">Twitter @INFOLUTTE<\/a>. Et merci ne ne pas quitter sans visiter ce qui est autour du site  pour nous aider \u00e0 vous en offrir toujours plus, ici m\u00eame sur votre site pr\u00e9f\u00e9r\u00e9<\/p>\n\n\n\n<p><br>\nVous voulez faire parti de l&rsquo;\u00e9quipe, contactez moi via Facebook en <a href=\"https:\/\/www.facebook.com\/JasonDarkCashDescoteaux\/\">cliquant ici<\/a><\/p>\n\n\n\n<figure><iframe loading=\"lazy\" src=\"https:\/\/www.facebook.com\/plugins\/post.php?href=https%3A%2F%2Fwww.facebook.com%2FJasonDarkCashDescoteaux%2Fposts%2F2928607343839111&amp;width=500\" width=\"500\" height=\"287\"><\/iframe><\/figure>\n<p><\/p>","protected":false},"excerpt":{"rendered":"<p>Chaque fois qu&rsquo;une SuperStar quitte la WWE cela fait parler mais depuis Dean Ambrose l&rsquo;an dernier, c&rsquo;est Matt Hardy qui vole la vedette dans les nouvelles depuis avant m\u00eame que son contrat ne finisse avec la WWE. Comme vous le savez les rumeurs l&rsquo;envoient \u00e0 la AEW, un challenge contre le champion de la ROH&#8230;<\/p>\n","protected":false},"author":2,"featured_media":22269,"comment_status":"open","ping_status":"closed","sticky":false,"template":"","format":"standard","meta":{"footnotes":""},"categories":[30,22,4],"tags":[],"ppma_author":[287],"class_list":["post-22261","post","type-post","status-publish","format-standard","has-post-thumbnail","hentry","category-ex-wwe","category-indy","category-news"],"authors":[{"term_id":287,"user_id":2,"is_guest":0,"slug":"jason","display_name":"Jason Desc\u00f4teaux","avatar_url":"https:\/\/secure.gravatar.com\/avatar\/f64adf6d13198c3a532c061cecd8672089a1e9a3d07c702dffe886a7e55a15eb?s=96&d=mm&r=g","0":null,"1":"","2":"","3":"","4":"","5":"","6":"","7":"","8":""}],"_links":{"self":[{"href":"https:\/\/www.jdx.info\/lutte\/wp-json\/wp\/v2\/posts\/22261","targetHints":{"allow":["GET"]}}],"collection":[{"href":"https:\/\/www.jdx.info\/lutte\/wp-json\/wp\/v2\/posts"}],"about":[{"href":"https:\/\/www.jdx.info\/lutte\/wp-json\/wp\/v2\/types\/post"}],"author":[{"embeddable":true,"href":"https:\/\/www.jdx.info\/lutte\/wp-json\/wp\/v2\/users\/2"}],"replies":[{"embeddable":true,"href":"https:\/\/www.jdx.info\/lutte\/wp-json\/wp\/v2\/comments?post=22261"}],"version-history":[{"count":1,"href":"https:\/\/www.jdx.info\/lutte\/wp-json\/wp\/v2\/posts\/22261\/revisions"}],"predecessor-version":[{"id":22270,"href":"https:\/\/www.jdx.info\/lutte\/wp-json\/wp\/v2\/posts\/22261\/revisions\/22270"}],"wp:featuredmedia":[{"embeddable":true,"href":"https:\/\/www.jdx.info\/lutte\/wp-json\/wp\/v2\/media\/22269"}],"wp:attachment":[{"href":"https:\/\/www.jdx.info\/lutte\/wp-json\/wp\/v2\/media?parent=22261"}],"wp:term":[{"taxonomy":"category","embeddable":true,"href":"https:\/\/www.jdx.info\/lutte\/wp-json\/wp\/v2\/categories?post=22261"},{"taxonomy":"post_tag","embeddable":true,"href":"https:\/\/www.jdx.info\/lutte\/wp-json\/wp\/v2\/tags?post=22261"},{"taxonomy":"author","embeddable":true,"href":"https:\/\/www.jdx.info\/lutte\/wp-json\/wp\/v2\/ppma_author?post=22261"}],"curies":[{"name":"wp","href":"https:\/\/api.w.org\/{rel}","templated":true}]}}