{"id":22248,"date":"2020-03-05T13:37:41","date_gmt":"2020-03-05T18:37:41","guid":{"rendered":"http:\/\/www.jdx.info\/lutte\/?p=22248"},"modified":"2020-03-05T13:37:54","modified_gmt":"2020-03-05T18:37:54","slug":"un-premier-booking-hors-wwe-pour-matt-hardy-avec-the-undertaker-bret-hart-kevin-nash-et-lita","status":"publish","type":"post","link":"https:\/\/www.jdx.info\/lutte\/2020\/03\/05\/un-premier-booking-hors-wwe-pour-matt-hardy-avec-the-undertaker-bret-hart-kevin-nash-et-lita\/","title":{"rendered":"Un Premier Booking Hors WWE Pour Matt Hardy Avec The Undertaker, Bret Hart, Kevin Nash, et Lita!"},"content":{"rendered":"\n<p>Comme vous savez Matt Hardy a officiellement quitt\u00e9 la WWE cette semaine alors que son contrat est venu \u00e0 \u00e9ch\u00e9ance et il n&rsquo;a pas renouvel\u00e9. Aujourd&rsquo;hui, Matt Hardy a confirm\u00e9 via Twitter que son premier contrat indy aura lieu du c\u00f4t\u00e9 de \u00a0\u00bbBig Event\u00a0\u00bb \u00e0 New York ce week-end, 7 mars, \u00e0 la <strong><em>LaGuardia Plaza Hotel<\/em><\/strong> alors qu&rsquo;il sera pr\u00e9sent pour une s\u00e9ance de d\u00e9dicaces.<\/p>\n\n\n\n<p>il s&rsquo;agit d&rsquo;une convention o\u00f9 beaucoup de l\u00e9gendes comme l&rsquo;Undertaker, Lita et autres seront pr\u00e9sents pour l&rsquo;\u00e9v\u00e9nement. Une convention que tous les fans de catch de la r\u00e9gions ne voudront certainement pas maquer.  Pour toute la liste des participants \u00e0 cette <a rel=\"noreferrer noopener\" href=\"http:\/\/www.bigeventny.com\/bigevent.htm\" target=\"_blank\">convention, cliquez ici.<\/a>  <\/p>\n\n\n\n<p>Le futur de Matt Hardy demeure toujours un myst\u00e8re actuellement alors qu&rsquo;il n&rsquo;a toujours pas confirm\u00e9 o\u00f9 il signera officiellement. Entre temps, Matt continu de teaser des informations dans sa s\u00e9rie YouTube \u00a0\u00bbFreetheDelete\u00a0\u00bb dont la derni\u00e8re avec l&rsquo;\u00e9pisode 10 o\u00f9 il retrouve les \u00a0\u00bbBucks of Youth\u00a0\u00bb, plus connu sous le nom des Young Bucks  que vous <a href=\"https:\/\/www.jdx.info\/lutte\/2020\/03\/04\/une-equipe-tres-connue-rejoint-matt-hardy-dans-sa-derniere-du-freethedelete-preparation\/\"><strong>pouvez voir en cliquant ici<\/strong><\/a>.<\/p>\n\n\n\n<blockquote class=\"twitter-tweet\"><p lang=\"en\" dir=\"ltr\">This Saturday in NYC, I\u2019ll be making my very first public appearance as a free agent at The Big Event. Come out &amp; have a WONDERFUL time!<br><br>All of the needed info is at <a href=\"https:\/\/t.co\/SumbrbBRyJ\">https:\/\/t.co\/SumbrbBRyJ<\/a> <a href=\"https:\/\/t.co\/fDrdWEHnNH\">pic.twitter.com\/fDrdWEHnNH<\/a><\/p>&mdash; The UNKILLABLE Matt Hardy (@MATTHARDYBRAND) <a href=\"https:\/\/twitter.com\/MATTHARDYBRAND\/status\/1235589109953048577?ref_src=twsrc%5Etfw\">March 5, 2020<\/a><\/blockquote> <script async src=\"https:\/\/platform.twitter.com\/widgets.js\" charset=\"utf-8\"><\/script>\n<p><\/p>","protected":false},"excerpt":{"rendered":"<p>Comme vous savez Matt Hardy a officiellement quitt\u00e9 la WWE cette semaine alors que son contrat est venu \u00e0 \u00e9ch\u00e9ance et il n&rsquo;a pas renouvel\u00e9. Aujourd&rsquo;hui, Matt Hardy a confirm\u00e9 via Twitter que son premier contrat indy aura lieu du c\u00f4t\u00e9 de \u00a0\u00bbBig Event\u00a0\u00bb \u00e0 New York ce week-end, 7 mars, \u00e0 la LaGuardia Plaza&#8230;<\/p>\n","protected":false},"author":4,"featured_media":22251,"comment_status":"open","ping_status":"closed","sticky":false,"template":"","format":"standard","meta":{"footnotes":""},"categories":[30,22,4],"tags":[],"ppma_author":[292],"class_list":["post-22248","post","type-post","status-publish","format-standard","has-post-thumbnail","hentry","category-ex-wwe","category-indy","category-news"],"authors":[{"term_id":292,"user_id":4,"is_guest":0,"slug":"jean","display_name":"Jean Vinnier","avatar_url":"https:\/\/secure.gravatar.com\/avatar\/33aba0263fd870a0b487e0e079ff407e10e3997c9d2987cbcc0db0db2c5c75a9?s=96&d=mm&r=g","0":null,"1":"","2":"","3":"","4":"","5":"","6":"","7":"","8":""}],"_links":{"self":[{"href":"https:\/\/www.jdx.info\/lutte\/wp-json\/wp\/v2\/posts\/22248","targetHints":{"allow":["GET"]}}],"collection":[{"href":"https:\/\/www.jdx.info\/lutte\/wp-json\/wp\/v2\/posts"}],"about":[{"href":"https:\/\/www.jdx.info\/lutte\/wp-json\/wp\/v2\/types\/post"}],"author":[{"embeddable":true,"href":"https:\/\/www.jdx.info\/lutte\/wp-json\/wp\/v2\/users\/4"}],"replies":[{"embeddable":true,"href":"https:\/\/www.jdx.info\/lutte\/wp-json\/wp\/v2\/comments?post=22248"}],"version-history":[{"count":1,"href":"https:\/\/www.jdx.info\/lutte\/wp-json\/wp\/v2\/posts\/22248\/revisions"}],"predecessor-version":[{"id":22252,"href":"https:\/\/www.jdx.info\/lutte\/wp-json\/wp\/v2\/posts\/22248\/revisions\/22252"}],"wp:featuredmedia":[{"embeddable":true,"href":"https:\/\/www.jdx.info\/lutte\/wp-json\/wp\/v2\/media\/22251"}],"wp:attachment":[{"href":"https:\/\/www.jdx.info\/lutte\/wp-json\/wp\/v2\/media?parent=22248"}],"wp:term":[{"taxonomy":"category","embeddable":true,"href":"https:\/\/www.jdx.info\/lutte\/wp-json\/wp\/v2\/categories?post=22248"},{"taxonomy":"post_tag","embeddable":true,"href":"https:\/\/www.jdx.info\/lutte\/wp-json\/wp\/v2\/tags?post=22248"},{"taxonomy":"author","embeddable":true,"href":"https:\/\/www.jdx.info\/lutte\/wp-json\/wp\/v2\/ppma_author?post=22248"}],"curies":[{"name":"wp","href":"https:\/\/api.w.org\/{rel}","templated":true}]}}