{"id":22155,"date":"2020-03-04T01:25:20","date_gmt":"2020-03-04T06:25:20","guid":{"rendered":"http:\/\/www.jdx.info\/lutte\/?p=22155"},"modified":"2020-03-04T01:30:37","modified_gmt":"2020-03-04T06:30:37","slug":"les-medecins-donnent-le-ok-a-jeff-hardy-pour-un-retour-sur-le-ring-il-parle-des-plans-de-matt-probleme-de-justice-et-plus","status":"publish","type":"post","link":"https:\/\/www.jdx.info\/lutte\/2020\/03\/04\/les-medecins-donnent-le-ok-a-jeff-hardy-pour-un-retour-sur-le-ring-il-parle-des-plans-de-matt-probleme-de-justice-et-plus\/","title":{"rendered":"Les M\u00e9decins Donnent le \u00ab\u00a0OK\u00a0\u00bb \u00e0 Jeff Hardy Pour Un Retour Sur Le Ring! Il Parle Des Plans de Matt! Probl\u00e8me de Justice et Plus!"},"content":{"rendered":"\n<p>Jeff Hardy est apparu en tant qu&rsquo;invit\u00e9 en studio lors de l&rsquo;\u00e9dition de mardi soir du WWE Backstage sur FS1. Il a annonc\u00e9 qu&rsquo;il avait \u00e9t\u00e9 autoris\u00e9 m\u00e9dicalement \u00e0 revenir sur le ring.<\/p>\n\n\n\n<p>Comme nous l&rsquo;avons not\u00e9 au paravant, Hardy \u00e9tait hors service depuis juste apr\u00e8s WrestleMania 35 en 2019 apr\u00e8s une blessure \u00e0 la jambe. Il devait \u00e0 l&rsquo;origine \u00eatre absent de 6 \u00e0 9 mois. Hardy \u00e9tait dans les coulisses des r\u00e9cents \u00e9v\u00e9nements SmackDown et \u00e9tait au WWE Performance Center \u00e0 Orlando le mois dernier pour se remettre en forme pour les matchs.<\/p>\n\n\n\n<p>On ne sait pas encore ce que la WWE a pr\u00e9vu pour le Charismatique Enygma qui est toujours membre de SmackDown sur le site Web de la WWE. Le contrat de Jeff \u00e0 la WWE devait expirer le 1er mars lorsque l&rsquo;accord de son fr\u00e8re Matt Hardy a expir\u00e9 mais la WWE a ajout\u00e9 du temps au contrat pour rattraper le temps que Jeff avait manqu\u00e9 durant sa blessure tel que stipul\u00e9 au contrat. Jeff a d\u00e9clar\u00e9 \u00e0 l&rsquo;animatrice de Backstage Renee Young qu&rsquo;il avait \u00e0 peine discut\u00e9 avec Matt de ce que Matt avait pr\u00e9vu pour l&rsquo;avenir.<\/p>\n\n\n\n<p>Nous avons \u00e9galement remarqu\u00e9 que Jeff a eu des probl\u00e8mes juridiques depuis son absence de la WWE. Il a \u00e9t\u00e9 arr\u00eat\u00e9 pour intoxication publique le 13 juillet 2019 \u00e0 Myrtle Beach, Caroline du Sud, puis il a \u00e9t\u00e9 de nouveau arr\u00eat\u00e9 pour DWI dans le comt\u00e9 de Moore, NC le 3 octobre 2019. Hardy doit compara\u00eetre devant le tribunal le lundi 6 avril, le jour apr\u00e8s WrestleMania 36, \u200b\u200bpour les charges DWI. <\/p>\n\n\n\n<p>Il a \u00e9t\u00e9 rapport\u00e9 que la WWE a exhort\u00e9 Jeff \u00e0 prendre soin de certains de ses probl\u00e8mes personnels pendant son absence, et la rumeur veut qu&rsquo;il l&rsquo;a bien fait. Jeff a dit sur le WWE Backstage que le matin apr\u00e8s l&rsquo;arrestation du 3 octobre, il prit s\u00e9jour en r\u00e9adaptation pour patients hospitalis\u00e9s, pour la premi\u00e8re fois de sa vie. Hardy a d\u00e9clar\u00e9 que la d\u00e9cision \u00e9tait l&rsquo;une des meilleures qu&rsquo;il ait jamais prises pour lui-m\u00eame, ajoutant que chaque jour, il faisait autre chose pour s&rsquo;am\u00e9liorer.<\/p>\n\n\n\n<p><a href=\"https:\/\/www.jdx.info\/lutte\/2020\/03\/04\/regardez-le-wwe-backstage-du-3-mars-2020\/\"><strong>Restez \u00e0 l&rsquo;aff\u00fbt des mises \u00e0 jour sur l&rsquo;avenir de Jeff \u00e0 la WWE. Vous pouvez voir ce WWE Backstage en cliquant ici.<\/strong><\/a><\/p>\n\n\n\n<center><p><script async=\"\" src=\"https:\/\/pagead2.googlesyndication.com\/pagead\/js\/adsbygoogle.js\"><\/script>\n<ins class=\"adsbygoogle\" style=\"display:block; text-align:center;\" data-ad-layout=\"in-article\" data-ad-format=\"fluid\" data-ad-client=\"ca-pub-1986975368136072\" data-ad-slot=\"7818521013\"><\/ins>\n<script>\n     (adsbygoogle = window.adsbygoogle || []).push({});\n<\/script><\/p><\/center>\n\n\n\n\n<p>Vous \u00eates libre  de suivre d\u00e8s maintenant Info-Lutte via notre <a href=\"https:\/\/www.facebook.com\/InfoLutte\/\">Nouvelle page Facebook <\/a>ou <a href=\"https:\/\/twitter.com\/InfoLutte\">Twitter @INFOLUTTE<\/a>. Et merci ne ne pas quitter sans visiter ce qui est autour du site  pour nous aider \u00e0 vous en offrir toujours plus, ici m\u00eame sur votre site pr\u00e9f\u00e9r\u00e9<\/p>\n\n\n\n<p><br>\nVous voulez faire parti de l&rsquo;\u00e9quipe, contactez moi via Facebook en <a href=\"https:\/\/www.facebook.com\/JasonDarkCashDescoteaux\/\">cliquant ici<\/a><\/p>\n\n\n\n<figure><iframe loading=\"lazy\" src=\"https:\/\/www.facebook.com\/plugins\/post.php?href=https%3A%2F%2Fwww.facebook.com%2FJasonDarkCashDescoteaux%2Fposts%2F2928607343839111&amp;width=500\" width=\"500\" height=\"287\"><\/iframe><\/figure>\n<p><\/p>","protected":false},"excerpt":{"rendered":"<p>Jeff Hardy est apparu en tant qu&rsquo;invit\u00e9 en studio lors de l&rsquo;\u00e9dition de mardi soir du WWE Backstage sur FS1. Il a annonc\u00e9 qu&rsquo;il avait \u00e9t\u00e9 autoris\u00e9 m\u00e9dicalement \u00e0 revenir sur le ring. Comme nous l&rsquo;avons not\u00e9 au paravant, Hardy \u00e9tait hors service depuis juste apr\u00e8s WrestleMania 35 en 2019 apr\u00e8s une blessure \u00e0 la&#8230;<\/p>\n","protected":false},"author":2,"featured_media":22159,"comment_status":"open","ping_status":"closed","sticky":false,"template":"","format":"standard","meta":{"footnotes":""},"categories":[4,23],"tags":[],"ppma_author":[287],"class_list":["post-22155","post","type-post","status-publish","format-standard","has-post-thumbnail","hentry","category-news","category-wwe"],"authors":[{"term_id":287,"user_id":2,"is_guest":0,"slug":"jason","display_name":"Jason Desc\u00f4teaux","avatar_url":"https:\/\/secure.gravatar.com\/avatar\/f64adf6d13198c3a532c061cecd8672089a1e9a3d07c702dffe886a7e55a15eb?s=96&d=mm&r=g","0":null,"1":"","2":"","3":"","4":"","5":"","6":"","7":"","8":""}],"_links":{"self":[{"href":"https:\/\/www.jdx.info\/lutte\/wp-json\/wp\/v2\/posts\/22155","targetHints":{"allow":["GET"]}}],"collection":[{"href":"https:\/\/www.jdx.info\/lutte\/wp-json\/wp\/v2\/posts"}],"about":[{"href":"https:\/\/www.jdx.info\/lutte\/wp-json\/wp\/v2\/types\/post"}],"author":[{"embeddable":true,"href":"https:\/\/www.jdx.info\/lutte\/wp-json\/wp\/v2\/users\/2"}],"replies":[{"embeddable":true,"href":"https:\/\/www.jdx.info\/lutte\/wp-json\/wp\/v2\/comments?post=22155"}],"version-history":[{"count":2,"href":"https:\/\/www.jdx.info\/lutte\/wp-json\/wp\/v2\/posts\/22155\/revisions"}],"predecessor-version":[{"id":22161,"href":"https:\/\/www.jdx.info\/lutte\/wp-json\/wp\/v2\/posts\/22155\/revisions\/22161"}],"wp:featuredmedia":[{"embeddable":true,"href":"https:\/\/www.jdx.info\/lutte\/wp-json\/wp\/v2\/media\/22159"}],"wp:attachment":[{"href":"https:\/\/www.jdx.info\/lutte\/wp-json\/wp\/v2\/media?parent=22155"}],"wp:term":[{"taxonomy":"category","embeddable":true,"href":"https:\/\/www.jdx.info\/lutte\/wp-json\/wp\/v2\/categories?post=22155"},{"taxonomy":"post_tag","embeddable":true,"href":"https:\/\/www.jdx.info\/lutte\/wp-json\/wp\/v2\/tags?post=22155"},{"taxonomy":"author","embeddable":true,"href":"https:\/\/www.jdx.info\/lutte\/wp-json\/wp\/v2\/ppma_author?post=22155"}],"curies":[{"name":"wp","href":"https:\/\/api.w.org\/{rel}","templated":true}]}}