{"id":20989,"date":"2020-02-14T15:05:06","date_gmt":"2020-02-14T20:05:06","guid":{"rendered":"http:\/\/www.jdx.info\/lutte\/?p=20989"},"modified":"2020-02-14T15:05:52","modified_gmt":"2020-02-14T20:05:52","slug":"un-dernier-match-avec-une-stipulation-pour-matt-hardy-sa-destination-apres-sa-fin-de-contrat-et-plus","status":"publish","type":"post","link":"https:\/\/www.jdx.info\/lutte\/2020\/02\/14\/un-dernier-match-avec-une-stipulation-pour-matt-hardy-sa-destination-apres-sa-fin-de-contrat-et-plus\/","title":{"rendered":"Un Dernier Match Avec Une Stipulation Pour Matt Hardy! Sa Destination Apr\u00e8s Sa Fin De Contrat, et Plus!"},"content":{"rendered":"\n<p>Malgr\u00e9 l&rsquo;angle de cette semaine o\u00f9 l&rsquo;on pensait qu&rsquo;il serait radi\u00e9 de la t\u00e9l\u00e9vision de la WWE, Matt Hardy devrait faire une autre apparition sur RAW.<\/p>\n\n\n\n<p>La WWE a annonc\u00e9 que Hardy affrontera Randy Orton lors d&rsquo;un match  \u00ab\u00a0No holds barred\u00a0\u00bb \u00e0 RAW lundi prochain. Il y avait un segment dans l&rsquo;\u00e9mission de cette semaine o\u00f9 Hardy c&rsquo;est fait terminer par un RKO apr\u00e8s avoir confront\u00e9 Orton \u00e0 propos de l&rsquo;attaque d&rsquo;Orton contre Edge au lendemain du Royal Rumble.<\/p>\n\n\n\n<p>Apr\u00e8s avoir \u00e9t\u00e9 terrass\u00e9 par Orton, Hardy a tweet\u00e9 \u00ab\u00a0GOODBYE\u00a0\u00bb et un lien vers son dernier \u00e9pisode de Free the Delete. Qui veut dire de lib\u00e9rer le Delete, sa gimmick de Broken Matt.<\/p>\n\n\n\n<p>Edge vs Orton est pr\u00e9vu pour WrestleMania 36. La WWE a publi\u00e9 une mise \u00e0 jour du sc\u00e9nario sur l&rsquo;\u00e9tat d&rsquo;Edge avant RAW lundi dernier: <\/p>\n\n\n\n<p>La WWE a contact\u00e9 Beth Phoenix mercredi dernier \u00e0 Full Sail et elle n&rsquo;a donn\u00e9 aucune mise \u00e0 jour \u00e0 ce moment-l\u00e0. Un porte-parole de la famille \u00ab\u00a0Adam continue de se remettre \u00e0 la maison mais pour l&rsquo;instant la famille refuse respectueusement tout autre commentaire. Ils demandent \u00e0 tout le monde de bien vouloir respecter sa vie priv\u00e9e en ce moment.\u00a0\u00bb Au nom du  WWE Univers. <\/p>\n\n\n\n<p>Le WWE.com adresse ses meilleurs v\u0153ux \u00e0 Edge pour son r\u00e9tablissement.<\/p>\n\n\n\n<p>Pour ce qui est de l&rsquo;avenir de Matt Hardy alors que tous pensaient qu&rsquo;ils s&rsquo;en allait direct \u00e0 la WWE, il a accept\u00e9 pas plus tard qu&rsquo;hier soir, un d\u00e9fi pour un match de championnat contre le Qu\u00e9b\u00e9cois PCO Pierre Carl Ouellet. Vous pouvez suivre cette <a href=\"https:\/\/www.jdx.info\/lutte\/2020\/02\/13\/matt-hardy-repond-positivement-au-defi-de-pco-pierre-carl-ouellet-pour-le-championnat-de-la-roh\/\"><strong>histoire en cliquant ici.<\/strong><\/a><\/p>\n<p><\/p>","protected":false},"excerpt":{"rendered":"<p>Malgr\u00e9 l&rsquo;angle de cette semaine o\u00f9 l&rsquo;on pensait qu&rsquo;il serait radi\u00e9 de la t\u00e9l\u00e9vision de la WWE, Matt Hardy devrait faire une autre apparition sur RAW. La WWE a annonc\u00e9 que Hardy affrontera Randy Orton lors d&rsquo;un match \u00ab\u00a0No holds barred\u00a0\u00bb \u00e0 RAW lundi prochain. Il y avait un segment dans l&rsquo;\u00e9mission de cette semaine&#8230;<\/p>\n","protected":false},"author":55,"featured_media":20991,"comment_status":"open","ping_status":"closed","sticky":false,"template":"","format":"standard","meta":{"footnotes":""},"categories":[30,4,23],"tags":[],"ppma_author":[288],"class_list":["post-20989","post","type-post","status-publish","format-standard","has-post-thumbnail","hentry","category-ex-wwe","category-news","category-wwe"],"authors":[{"term_id":288,"user_id":55,"is_guest":0,"slug":"mark-green","display_name":"Watch Wrestling","avatar_url":"https:\/\/secure.gravatar.com\/avatar\/48aa7229968e08b18e4ac74ae48666f742d5f4460d3a972818733f8de3e505c2?s=96&d=mm&r=g","0":null,"1":"","2":"","3":"","4":"","5":"","6":"","7":"","8":""}],"_links":{"self":[{"href":"https:\/\/www.jdx.info\/lutte\/wp-json\/wp\/v2\/posts\/20989","targetHints":{"allow":["GET"]}}],"collection":[{"href":"https:\/\/www.jdx.info\/lutte\/wp-json\/wp\/v2\/posts"}],"about":[{"href":"https:\/\/www.jdx.info\/lutte\/wp-json\/wp\/v2\/types\/post"}],"author":[{"embeddable":true,"href":"https:\/\/www.jdx.info\/lutte\/wp-json\/wp\/v2\/users\/55"}],"replies":[{"embeddable":true,"href":"https:\/\/www.jdx.info\/lutte\/wp-json\/wp\/v2\/comments?post=20989"}],"version-history":[{"count":1,"href":"https:\/\/www.jdx.info\/lutte\/wp-json\/wp\/v2\/posts\/20989\/revisions"}],"predecessor-version":[{"id":20992,"href":"https:\/\/www.jdx.info\/lutte\/wp-json\/wp\/v2\/posts\/20989\/revisions\/20992"}],"wp:featuredmedia":[{"embeddable":true,"href":"https:\/\/www.jdx.info\/lutte\/wp-json\/wp\/v2\/media\/20991"}],"wp:attachment":[{"href":"https:\/\/www.jdx.info\/lutte\/wp-json\/wp\/v2\/media?parent=20989"}],"wp:term":[{"taxonomy":"category","embeddable":true,"href":"https:\/\/www.jdx.info\/lutte\/wp-json\/wp\/v2\/categories?post=20989"},{"taxonomy":"post_tag","embeddable":true,"href":"https:\/\/www.jdx.info\/lutte\/wp-json\/wp\/v2\/tags?post=20989"},{"taxonomy":"author","embeddable":true,"href":"https:\/\/www.jdx.info\/lutte\/wp-json\/wp\/v2\/ppma_author?post=20989"}],"curies":[{"name":"wp","href":"https:\/\/api.w.org\/{rel}","templated":true}]}}