{"id":20875,"date":"2020-02-11T14:20:27","date_gmt":"2020-02-11T19:20:27","guid":{"rendered":"http:\/\/www.jdx.info\/lutte\/?p=20875"},"modified":"2020-02-11T14:20:41","modified_gmt":"2020-02-11T19:20:41","slug":"le-nouveau-role-de-mvp-a-la-wwe","status":"publish","type":"post","link":"https:\/\/www.jdx.info\/lutte\/2020\/02\/11\/le-nouveau-role-de-mvp-a-la-wwe\/","title":{"rendered":"Le Nouveau R\u00f4le de MVP \u00e0 la WWE!"},"content":{"rendered":"\n<p> Absent de la WWE depuis 2010, MVP a fait un grand retour au sein de la compagnie \u00e0 l&rsquo;occasion du Royal Rumble. Dans la foul\u00e9e, il a pris part \u00e0 un match \u00e0 RAW contre Rey Mysterio. <\/p>\n\n\n\n<p>Alors que le principal concern\u00e9 avait fait savoir ensuite que cela marquait probablement son dernier combat \u00e0 la WWE, cela ne signifiait cependant pas pour autant qu&rsquo;on ne le reverrait plus. MVP a ainsi pris part au RAW lundi soir o\u00f9 il a tenu une nouvelle \u00e9dition de son talk show, une occasion pour lui de mettre over Drew McIntyre.<\/p>\n\n\n\n<p>Selon le&nbsp;<em>PWInsider<\/em>, MVP chercherait d&rsquo;ailleurs activement \u00e0 obtenir un contrat au sein de la WWE. Evidemment cela ne serait pas en tant que lutteur mais plut\u00f4t pour devenir producteur, comme il l&rsquo;avait d&rsquo;ailleurs indiqu\u00e9 au micro de Corey Graves pour After The Bell. Selon le site sp\u00e9cialis\u00e9, la WWE ne serait d&rsquo;ailleurs pas contre cette id\u00e9e et aurait engag\u00e9 des discussions avec lui.<\/p>\n<p><\/p>","protected":false},"excerpt":{"rendered":"<p>Absent de la WWE depuis 2010, MVP a fait un grand retour au sein de la compagnie \u00e0 l&rsquo;occasion du Royal Rumble. Dans la foul\u00e9e, il a pris part \u00e0 un match \u00e0 RAW contre Rey Mysterio. Alors que le principal concern\u00e9 avait fait savoir ensuite que cela marquait probablement son dernier combat \u00e0 la&#8230;<\/p>\n","protected":false},"author":4,"featured_media":20876,"comment_status":"open","ping_status":"closed","sticky":false,"template":"","format":"standard","meta":{"footnotes":""},"categories":[4,23],"tags":[],"ppma_author":[292],"class_list":["post-20875","post","type-post","status-publish","format-standard","has-post-thumbnail","hentry","category-news","category-wwe"],"authors":[{"term_id":292,"user_id":4,"is_guest":0,"slug":"jean","display_name":"Jean Vinnier","avatar_url":"https:\/\/secure.gravatar.com\/avatar\/33aba0263fd870a0b487e0e079ff407e10e3997c9d2987cbcc0db0db2c5c75a9?s=96&d=mm&r=g","0":null,"1":"","2":"","3":"","4":"","5":"","6":"","7":"","8":""}],"_links":{"self":[{"href":"https:\/\/www.jdx.info\/lutte\/wp-json\/wp\/v2\/posts\/20875","targetHints":{"allow":["GET"]}}],"collection":[{"href":"https:\/\/www.jdx.info\/lutte\/wp-json\/wp\/v2\/posts"}],"about":[{"href":"https:\/\/www.jdx.info\/lutte\/wp-json\/wp\/v2\/types\/post"}],"author":[{"embeddable":true,"href":"https:\/\/www.jdx.info\/lutte\/wp-json\/wp\/v2\/users\/4"}],"replies":[{"embeddable":true,"href":"https:\/\/www.jdx.info\/lutte\/wp-json\/wp\/v2\/comments?post=20875"}],"version-history":[{"count":1,"href":"https:\/\/www.jdx.info\/lutte\/wp-json\/wp\/v2\/posts\/20875\/revisions"}],"predecessor-version":[{"id":20877,"href":"https:\/\/www.jdx.info\/lutte\/wp-json\/wp\/v2\/posts\/20875\/revisions\/20877"}],"wp:featuredmedia":[{"embeddable":true,"href":"https:\/\/www.jdx.info\/lutte\/wp-json\/wp\/v2\/media\/20876"}],"wp:attachment":[{"href":"https:\/\/www.jdx.info\/lutte\/wp-json\/wp\/v2\/media?parent=20875"}],"wp:term":[{"taxonomy":"category","embeddable":true,"href":"https:\/\/www.jdx.info\/lutte\/wp-json\/wp\/v2\/categories?post=20875"},{"taxonomy":"post_tag","embeddable":true,"href":"https:\/\/www.jdx.info\/lutte\/wp-json\/wp\/v2\/tags?post=20875"},{"taxonomy":"author","embeddable":true,"href":"https:\/\/www.jdx.info\/lutte\/wp-json\/wp\/v2\/ppma_author?post=20875"}],"curies":[{"name":"wp","href":"https:\/\/api.w.org\/{rel}","templated":true}]}}