{"id":20099,"date":"2020-01-28T17:36:21","date_gmt":"2020-01-28T22:36:21","guid":{"rendered":"http:\/\/www.jdx.info\/lutte\/?p=20099"},"modified":"2020-01-28T17:36:35","modified_gmt":"2020-01-28T22:36:35","slug":"booker-t-va-remonter-dans-le-ring-scott-steiner-pour-le-show-tna-a-impact-et-plus","status":"publish","type":"post","link":"https:\/\/www.jdx.info\/lutte\/2020\/01\/28\/booker-t-va-remonter-dans-le-ring-scott-steiner-pour-le-show-tna-a-impact-et-plus\/","title":{"rendered":"Booker T Va Remonter Dans Le Ring! Scott Steiner Pour le Show TNA \u00e0 Impact, et Plus!"},"content":{"rendered":"\n<p>&#8211; Il a \u00e9t\u00e9 annonc\u00e9 que le WWE Hall of Famer   Booker T  reviendra bient\u00f4t sur le ring, mais pas pour la WWE.<\/p>\n\n\n\n<p>Booker ram\u00e8nera son G.I. Bro gimmick pour le prochain \u00e9v\u00e9nement Reality of Wrestling \u00abBattle Lines Drawn\u00bb le samedi 8 f\u00e9vrier \u00e0 la Booker\u2019s World Gym Arena de Texas City, dans l&rsquo;\u00e9tat du Texas. ROW est la promotion ind\u00e9pendante que Booker poss\u00e8de en lien avec son \u00e9cole de catch.<\/p>\n\n\n\n<p>ROW a annonc\u00e9 que Booker sera le capitaine de l&rsquo;\u00e9quipe de ROW, menant Bryan Keith, Zack Mason et Warren Johnson dans la bataille contre Ryan Davidson et The Renegades dans un match par \u00e9quipe de huit lutteurs.<\/p>\n\n\n\n<p>&#8211; En terminant, IMPACT Wrestling a annonc\u00e9 sur Twitter que Scott Steiner reviendra pour son \u00e9v\u00e9nement \u00ab\u00a0TNA\u00a0\u00bb du 3 avril. <\/p>\n\n\n\n<p>Le spectacle se d\u00e9roulera en collaboration avec WrestleCon. Mon ancien poulain rejoint les autres l\u00e9gendes de la TNA, Chris Sabin, et les As et les Heights repr\u00e9sent\u00e9s par D\u2019Lo Brown et Ken Anderson. <\/p>\n\n\n\n<p>Les d\u00e9tails, y compris o\u00f9 acheter des billets, peuvent \u00eatre trouv\u00e9s ci-dessous.<\/p>\n\n\n\n<blockquote class=\"twitter-tweet\"><p lang=\"en\" dir=\"ltr\">BREAKING: There&#39;s a 141 2\u20443% that <a href=\"https:\/\/twitter.com\/ScottSteiner?ref_src=twsrc%5Etfw\">@ScottSteiner<\/a> will be returning for TNA: There&#39;s No Place Like Home on April 3rd as part of <a href=\"https:\/\/twitter.com\/wrestlecon?ref_src=twsrc%5Etfw\">@wrestlecon<\/a> because he&#39;s a genetic freak and he&#39;s not normal. <br><br>Get your tickets HERE: <a href=\"https:\/\/t.co\/ESs4JxpWeI\">https:\/\/t.co\/ESs4JxpWeI<\/a> <a href=\"https:\/\/t.co\/9JGC10gHUE\">pic.twitter.com\/9JGC10gHUE<\/a><\/p>&mdash; IMPACT (@IMPACTWRESTLING) <a href=\"https:\/\/twitter.com\/IMPACTWRESTLING\/status\/1222202676781494274?ref_src=twsrc%5Etfw\">January 28, 2020<\/a><\/blockquote> <script async src=\"https:\/\/platform.twitter.com\/widgets.js\" charset=\"utf-8\"><\/script>\n<center><p><script async=\"\" src=\"https:\/\/pagead2.googlesyndication.com\/pagead\/js\/adsbygoogle.js\"><\/script>\n<ins class=\"adsbygoogle\" style=\"display:block; text-align:center;\" data-ad-layout=\"in-article\" data-ad-format=\"fluid\" data-ad-client=\"ca-pub-1986975368136072\" data-ad-slot=\"7818521013\"><\/ins>\n<script>\n     (adsbygoogle = window.adsbygoogle || []).push({});\n<\/script><\/p><\/center>\n\n\n\n\n<p>Vous \u00eates libre  de suivre d\u00e8s maintenant Info-Lutte via notre <a href=\"https:\/\/www.facebook.com\/InfoLutte\/\">Nouvelle page Facebook <\/a>ou <a href=\"https:\/\/twitter.com\/InfoLutte\">Twitter @INFOLUTTE<\/a>. Et merci ne ne pas quitter sans visiter ce qui est autour du site  pour nous aider \u00e0 vous en offrir toujours plus, ici m\u00eame sur votre site pr\u00e9f\u00e9r\u00e9<\/p>\n\n\n\n<p><br>\nVous voulez faire parti de l&rsquo;\u00e9quipe, contactez moi via Facebook en <a href=\"https:\/\/www.facebook.com\/JasonDarkCashDescoteaux\/\">cliquant ici<\/a><\/p>\n\n\n\n<figure><iframe loading=\"lazy\" src=\"https:\/\/www.facebook.com\/plugins\/post.php?href=https%3A%2F%2Fwww.facebook.com%2FJasonDarkCashDescoteaux%2Fposts%2F2928607343839111&amp;width=500\" width=\"500\" height=\"287\"><\/iframe><\/figure>\n<p><\/p>","protected":false},"excerpt":{"rendered":"<p>&#8211; Il a \u00e9t\u00e9 annonc\u00e9 que le WWE Hall of Famer Booker T reviendra bient\u00f4t sur le ring, mais pas pour la WWE. Booker ram\u00e8nera son G.I. Bro gimmick pour le prochain \u00e9v\u00e9nement Reality of Wrestling \u00abBattle Lines Drawn\u00bb le samedi 8 f\u00e9vrier \u00e0 la Booker\u2019s World Gym Arena de Texas City, dans l&rsquo;\u00e9tat du&#8230;<\/p>\n","protected":false},"author":2,"featured_media":20100,"comment_status":"open","ping_status":"closed","sticky":false,"template":"","format":"standard","meta":{"footnotes":""},"categories":[24,30,22,4],"tags":[],"ppma_author":[287],"class_list":["post-20099","post","type-post","status-publish","format-standard","has-post-thumbnail","hentry","category-aew-impact-njpw-roh","category-ex-wwe","category-indy","category-news"],"authors":[{"term_id":287,"user_id":2,"is_guest":0,"slug":"jason","display_name":"Jason Desc\u00f4teaux","avatar_url":"https:\/\/secure.gravatar.com\/avatar\/f64adf6d13198c3a532c061cecd8672089a1e9a3d07c702dffe886a7e55a15eb?s=96&d=mm&r=g","0":null,"1":"","2":"","3":"","4":"","5":"","6":"","7":"","8":""}],"_links":{"self":[{"href":"https:\/\/www.jdx.info\/lutte\/wp-json\/wp\/v2\/posts\/20099","targetHints":{"allow":["GET"]}}],"collection":[{"href":"https:\/\/www.jdx.info\/lutte\/wp-json\/wp\/v2\/posts"}],"about":[{"href":"https:\/\/www.jdx.info\/lutte\/wp-json\/wp\/v2\/types\/post"}],"author":[{"embeddable":true,"href":"https:\/\/www.jdx.info\/lutte\/wp-json\/wp\/v2\/users\/2"}],"replies":[{"embeddable":true,"href":"https:\/\/www.jdx.info\/lutte\/wp-json\/wp\/v2\/comments?post=20099"}],"version-history":[{"count":1,"href":"https:\/\/www.jdx.info\/lutte\/wp-json\/wp\/v2\/posts\/20099\/revisions"}],"predecessor-version":[{"id":20101,"href":"https:\/\/www.jdx.info\/lutte\/wp-json\/wp\/v2\/posts\/20099\/revisions\/20101"}],"wp:featuredmedia":[{"embeddable":true,"href":"https:\/\/www.jdx.info\/lutte\/wp-json\/wp\/v2\/media\/20100"}],"wp:attachment":[{"href":"https:\/\/www.jdx.info\/lutte\/wp-json\/wp\/v2\/media?parent=20099"}],"wp:term":[{"taxonomy":"category","embeddable":true,"href":"https:\/\/www.jdx.info\/lutte\/wp-json\/wp\/v2\/categories?post=20099"},{"taxonomy":"post_tag","embeddable":true,"href":"https:\/\/www.jdx.info\/lutte\/wp-json\/wp\/v2\/tags?post=20099"},{"taxonomy":"author","embeddable":true,"href":"https:\/\/www.jdx.info\/lutte\/wp-json\/wp\/v2\/ppma_author?post=20099"}],"curies":[{"name":"wp","href":"https:\/\/api.w.org\/{rel}","templated":true}]}}