{"id":19958,"date":"2020-01-27T03:30:50","date_gmt":"2020-01-27T08:30:50","guid":{"rendered":"http:\/\/www.jdx.info\/lutte\/?p=19958"},"modified":"2020-01-27T03:32:54","modified_gmt":"2020-01-27T08:32:54","slug":"la-raison-de-labsence-de-sasha-banks-au-rumble-une-hall-of-famer-la-remplace","status":"publish","type":"post","link":"https:\/\/www.jdx.info\/lutte\/2020\/01\/27\/la-raison-de-labsence-de-sasha-banks-au-rumble-une-hall-of-famer-la-remplace\/","title":{"rendered":"La Raison de l&rsquo;Absence de Sasha Banks au Rumble! Une Hall of Famer la Remplace!"},"content":{"rendered":"\n<p><\/p>\n\n\n\n<p>&#8211; Sasha Banks \u00e9tait absente du Royal Rumble comme vous avez plus le remarquer. Elle n&rsquo;\u00e9tait ni aux c\u00f4t\u00e9s de Bayley pour sa d\u00e9fense de titre contre Lacey Evans, ni dans le Royal Rumble F\u00e9minin. La SuperStar, qui f\u00eatait en ce dimanche 26 janvier, son 28e anniversaire, serait en fait bless\u00e9e depuis quelques semaines. <\/p>\n\n\n\n<p>Sasha Banks n&rsquo;est en effet pas mont\u00e9e sur le ring depuis le 3 janvier dernier lors d&rsquo;une \u00e9dition de SmackDown.\u00a0Notre source\u00a0r\u00e9v\u00e8le qu&rsquo;elle serait bless\u00e9e et donc pas autoris\u00e9e \u00e0 monter sur le ring.<\/p>\n\n\n\n<p> La blessure exacte et la gravit\u00e9 de celle-ci n&rsquo;ont cependant pas \u00e9t\u00e9 d\u00e9voil\u00e9es. Mike Johnson du\u00a0PWInsider\u00a0ajoute qu&rsquo;elle aurait bien \u00e9t\u00e9 list\u00e9e en interne pour le Rumble mais elle n&rsquo;a visiblement pas pu y participer. C&rsquo;est Kelly Kelly qui aurait finalement pris sa place.<\/p>\n\n\n\n<p><a href=\"https:\/\/www.jdx.info\/lutte\/2020\/01\/26\/resultats-wwe-royal-rumble-2020-la-route-vers-wrestlemania-debute-ce-soir\/\">Pour les r\u00e9sultats ou voir le WWE Royal Rumble 2020, cliquez ici.<\/a><\/p>\n<p><\/p>","protected":false},"excerpt":{"rendered":"<p>&#8211; Sasha Banks \u00e9tait absente du Royal Rumble comme vous avez plus le remarquer. Elle n&rsquo;\u00e9tait ni aux c\u00f4t\u00e9s de Bayley pour sa d\u00e9fense de titre contre Lacey Evans, ni dans le Royal Rumble F\u00e9minin. La SuperStar, qui f\u00eatait en ce dimanche 26 janvier, son 28e anniversaire, serait en fait bless\u00e9e depuis quelques semaines. Sasha&#8230;<\/p>\n","protected":false},"author":4,"featured_media":19962,"comment_status":"open","ping_status":"closed","sticky":false,"template":"","format":"standard","meta":{"footnotes":""},"categories":[4,23],"tags":[],"ppma_author":[292],"class_list":["post-19958","post","type-post","status-publish","format-standard","has-post-thumbnail","hentry","category-news","category-wwe"],"authors":[{"term_id":292,"user_id":4,"is_guest":0,"slug":"jean","display_name":"Jean Vinnier","avatar_url":"https:\/\/secure.gravatar.com\/avatar\/33aba0263fd870a0b487e0e079ff407e10e3997c9d2987cbcc0db0db2c5c75a9?s=96&d=mm&r=g","0":null,"1":"","2":"","3":"","4":"","5":"","6":"","7":"","8":""}],"_links":{"self":[{"href":"https:\/\/www.jdx.info\/lutte\/wp-json\/wp\/v2\/posts\/19958","targetHints":{"allow":["GET"]}}],"collection":[{"href":"https:\/\/www.jdx.info\/lutte\/wp-json\/wp\/v2\/posts"}],"about":[{"href":"https:\/\/www.jdx.info\/lutte\/wp-json\/wp\/v2\/types\/post"}],"author":[{"embeddable":true,"href":"https:\/\/www.jdx.info\/lutte\/wp-json\/wp\/v2\/users\/4"}],"replies":[{"embeddable":true,"href":"https:\/\/www.jdx.info\/lutte\/wp-json\/wp\/v2\/comments?post=19958"}],"version-history":[{"count":3,"href":"https:\/\/www.jdx.info\/lutte\/wp-json\/wp\/v2\/posts\/19958\/revisions"}],"predecessor-version":[{"id":19963,"href":"https:\/\/www.jdx.info\/lutte\/wp-json\/wp\/v2\/posts\/19958\/revisions\/19963"}],"wp:featuredmedia":[{"embeddable":true,"href":"https:\/\/www.jdx.info\/lutte\/wp-json\/wp\/v2\/media\/19962"}],"wp:attachment":[{"href":"https:\/\/www.jdx.info\/lutte\/wp-json\/wp\/v2\/media?parent=19958"}],"wp:term":[{"taxonomy":"category","embeddable":true,"href":"https:\/\/www.jdx.info\/lutte\/wp-json\/wp\/v2\/categories?post=19958"},{"taxonomy":"post_tag","embeddable":true,"href":"https:\/\/www.jdx.info\/lutte\/wp-json\/wp\/v2\/tags?post=19958"},{"taxonomy":"author","embeddable":true,"href":"https:\/\/www.jdx.info\/lutte\/wp-json\/wp\/v2\/ppma_author?post=19958"}],"curies":[{"name":"wp","href":"https:\/\/api.w.org\/{rel}","templated":true}]}}