{"id":15441,"date":"2019-11-06T15:49:18","date_gmt":"2019-11-06T20:49:18","guid":{"rendered":"http:\/\/www.jdx.info\/lutte\/?p=15441"},"modified":"2019-11-06T15:49:21","modified_gmt":"2019-11-06T20:49:21","slug":"becky-lynch-veut-ronda-rousey-a-une-contre-une","status":"publish","type":"post","link":"https:\/\/www.jdx.info\/lutte\/2019\/11\/06\/becky-lynch-veut-ronda-rousey-a-une-contre-une\/","title":{"rendered":"Becky Lynch Veut Ronda Rousey \u00e0 Une Contre Une!"},"content":{"rendered":"\n<p>Pour f\u00eater les un an de son personnage \u00ab\u00a0The Man\u00a0\u00bb \u00e0 la WWE, la championne de RAW Becky Lynch a r\u00e9cemment parl\u00e9 avec le Sports Illustrated pour marquer cette date.<\/p>\n\n\n\n<p>Lynch a rappel\u00e9 un moment de l&rsquo;ann\u00e9e pass\u00e9e qui la bouleverse encore.  L&rsquo;\u00e9pisode de RAW du 12 novembre, d\u00e9crit comme une \u00e9tape d\u00e9terminante pour la carri\u00e8re. C&rsquo;est \u00e0 ce moment-l\u00e0 que Lynch a re\u00e7u un coup de poing au visage de Nia Jax, moins d&rsquo;une semaine avant son match au Survivor Series o\u00f9 elle devait affronter Ronda Rousey dans un match en simple. Comme vous le savez, ce coup de poing lui a caus\u00e9 des fractures au visage et une commotion c\u00e9r\u00e9brale. Lynch se souvient de son arriv\u00e9e \u00e0 SmackDown le lendemain, pr\u00e9voyant conserver sa place au Survivor Series, qu&rsquo;elle a d\u00fbt laisser ensuite \u00e0 Charlotte Flair.<\/p>\n\n\n\n<blockquote class=\"wp-block-quote is-layout-flow wp-block-quote-is-layout-flow\"><p>\u00ab\u00a0Je ne laissais pas ce moment s&rsquo;\u00e9chapper. Je me suis donc pr\u00e9sent\u00e9 le lendemain \u00e0 la t\u00e9l\u00e9vision de Saint-Louis, \u00e9branl\u00e9, mendiant pour travailler, demandant \u00e0 \u00eatre lib\u00e9r\u00e9 (m\u00e9dicalement). J\u2019ai dit \u00e0 tous ceux qui \u00e9couteraient que j\u2019allais bien, m\u00eame si je ne l\u2019\u00e9tais pas.<\/p><\/blockquote>\n\n\n\n<p> Cela a rappel\u00e9 \u00e0 Lynch qu&rsquo;\u00eatre l&rsquo;homme ne serait pas facile. Elle a dit qu\u2019elle ne laissait pas ce revers an\u00e9antir ses plans car elle voulait \u00e0 nouveau faire de la lutte professionnelle la chose la plus cool \u00e0 la t\u00e9l\u00e9vision.<\/p>\n\n\n\n<blockquote class=\"wp-block-quote is-layout-flow wp-block-quote-is-layout-flow\"><p>\u00ab\u00a0Il y a eu tellement de fois dans ma carri\u00e8re o\u00f9 je pensais que j&rsquo;\u00e9tais \u00ab\u00a0hot\u00a0\u00bb. Je pensais avoir un \u00e9lan, puis j&rsquo;ai \u00e9t\u00e9 retir\u00e9 de la t\u00e9l\u00e9vision, et la t\u00e9l\u00e9vision s&rsquo;est \u00e9chapp\u00e9e\u00a0\u00bb Mais il \u00e9tait hors de question que je laisse cela passer derri\u00e8re moi. Je voulais faire de la lutte la chose la plus cool \u00e0 la t\u00e9l\u00e9vision. C\u2019\u00e9tait mon objectif et je n\u2019allais pas arr\u00eater d\u2019essayer de concr\u00e9tiser cela. \u00bb<\/p><\/blockquote>\n\n\n\n<p>Lynch a \u00e9galement r\u00e9v\u00e9l\u00e9 qu&rsquo;elle souhaitait \u00e0 l&rsquo;origine avoir sa grande course comme talon. Elle a essay\u00e9 de faire en sorte que cela se produise, mais elle tient \u00e0 remercier ses fans pour sa grande ann\u00e9e.<\/p>\n\n\n\n<blockquote class=\"wp-block-quote is-layout-flow wp-block-quote-is-layout-flow\"><p>\u00abJ&rsquo;ai certainement essay\u00e9 d&rsquo;\u00eatre une \u00ab\u00a0heel\u00a0\u00bb mais je pouvais entendre une vague de d\u00e9ception quand j\u2019avais faite des promos contre la foule. J&rsquo;\u00e9tais pr\u00eat \u00e0 partir sans eux, mais ils ne me l&rsquo;ont pas laiss\u00e9 faire. Et la raison pour laquelle j&rsquo;ai pu vivre cette ann\u00e9e ph\u00e9nom\u00e9nale, c&rsquo;est \u00e0 cause des fans. \u00ab\u00a0<\/p><\/blockquote>\n\n\n\n<p><strong>Lynch a \u00e9galement parl\u00e9 de sa relation avec Seth Rollins.<\/strong><\/p>\n\n\n\n<blockquote class=\"wp-block-quote is-layout-flow wp-block-quote-is-layout-flow\"><p>\u00abPersonne ne me comprend comme lui. Il est mon partenaire dans le crime pour la vie. D\u00e8s que nous avons commenc\u00e9 \u00e0 sortir ensemble, il \u00e9tait assez \u00e9vident que c&rsquo;\u00e9tait le cas pour nous deux . <\/p><p><strong>Les propositions de Rollins en ao\u00fbt<\/strong>. \u00abJ&rsquo;\u00e9tais un peu pris au d\u00e9pourvu. Je ne m&rsquo;attendais pas \u00e0 \u00e7a tout de suite. Mais d\u00e8s que nous avons commenc\u00e9 \u00e0 sortir ensemble, c&rsquo;\u00e9tait fait pour nous.<\/p><\/blockquote>\n\n\n\n<p>Rappelons que nous n&rsquo;avons pas revu Ronda Rousey depuis WrestleMania \u00e0 la WWE, mise \u00e0 part sur l&rsquo;\u00e9mission Total Divas. Nous verrons bien si le souhait de Becky Lynch pourrait ramener l&rsquo;ancienne championne du UFC dans le ring de la WWE.<\/p>\n<p><\/p>","protected":false},"excerpt":{"rendered":"<p>Pour f\u00eater les un an de son personnage \u00ab\u00a0The Man\u00a0\u00bb \u00e0 la WWE, la championne de RAW Becky Lynch a r\u00e9cemment parl\u00e9 avec le Sports Illustrated pour marquer cette date. Lynch a rappel\u00e9 un moment de l&rsquo;ann\u00e9e pass\u00e9e qui la bouleverse encore. L&rsquo;\u00e9pisode de RAW du 12 novembre, d\u00e9crit comme une \u00e9tape d\u00e9terminante pour la&#8230;<\/p>\n","protected":false},"author":55,"featured_media":15442,"comment_status":"open","ping_status":"closed","sticky":false,"template":"","format":"standard","meta":{"footnotes":""},"categories":[4,23],"tags":[],"ppma_author":[288],"class_list":["post-15441","post","type-post","status-publish","format-standard","has-post-thumbnail","hentry","category-news","category-wwe"],"authors":[{"term_id":288,"user_id":55,"is_guest":0,"slug":"mark-green","display_name":"Watch Wrestling","avatar_url":"https:\/\/secure.gravatar.com\/avatar\/48aa7229968e08b18e4ac74ae48666f742d5f4460d3a972818733f8de3e505c2?s=96&d=mm&r=g","0":null,"1":"","2":"","3":"","4":"","5":"","6":"","7":"","8":""}],"_links":{"self":[{"href":"https:\/\/www.jdx.info\/lutte\/wp-json\/wp\/v2\/posts\/15441","targetHints":{"allow":["GET"]}}],"collection":[{"href":"https:\/\/www.jdx.info\/lutte\/wp-json\/wp\/v2\/posts"}],"about":[{"href":"https:\/\/www.jdx.info\/lutte\/wp-json\/wp\/v2\/types\/post"}],"author":[{"embeddable":true,"href":"https:\/\/www.jdx.info\/lutte\/wp-json\/wp\/v2\/users\/55"}],"replies":[{"embeddable":true,"href":"https:\/\/www.jdx.info\/lutte\/wp-json\/wp\/v2\/comments?post=15441"}],"version-history":[{"count":1,"href":"https:\/\/www.jdx.info\/lutte\/wp-json\/wp\/v2\/posts\/15441\/revisions"}],"predecessor-version":[{"id":15443,"href":"https:\/\/www.jdx.info\/lutte\/wp-json\/wp\/v2\/posts\/15441\/revisions\/15443"}],"wp:featuredmedia":[{"embeddable":true,"href":"https:\/\/www.jdx.info\/lutte\/wp-json\/wp\/v2\/media\/15442"}],"wp:attachment":[{"href":"https:\/\/www.jdx.info\/lutte\/wp-json\/wp\/v2\/media?parent=15441"}],"wp:term":[{"taxonomy":"category","embeddable":true,"href":"https:\/\/www.jdx.info\/lutte\/wp-json\/wp\/v2\/categories?post=15441"},{"taxonomy":"post_tag","embeddable":true,"href":"https:\/\/www.jdx.info\/lutte\/wp-json\/wp\/v2\/tags?post=15441"},{"taxonomy":"author","embeddable":true,"href":"https:\/\/www.jdx.info\/lutte\/wp-json\/wp\/v2\/ppma_author?post=15441"}],"curies":[{"name":"wp","href":"https:\/\/api.w.org\/{rel}","templated":true}]}}